{"id":12863,"date":"2020-07-06T13:13:52","date_gmt":"2020-07-06T16:13:52","guid":{"rendered":"http:\/\/www.sertsc.org.br\/site\/?p=12863"},"modified":"2020-07-06T13:13:52","modified_gmt":"2020-07-06T16:13:52","slug":"pl-propoe-limitar-veiculacao-da-propaganda-eleitoral-gratuita-apenas-ebc","status":"publish","type":"post","link":"https:\/\/sertsc.org.br\/site\/pl-propoe-limitar-veiculacao-da-propaganda-eleitoral-gratuita-apenas-ebc\/","title":{"rendered":"PL prop\u00f5e limitar veicula\u00e7\u00e3o da propaganda eleitoral gratuita apenas \u00e0 EBC"},"content":{"rendered":"<h2 style=\"text-align: justify;\"><\/h2>\n<div class=\"meta\" style=\"text-align: justify;\">\n<div class=\"avatares\">\n<div class=\"nomeautor\">POR\u00a0<a title=\"Marcos Urup\u00e1\" href=\"https:\/\/telaviva.com.br\/author\/marcosurupa\/\">MARCOS URUP\u00c1<\/a><\/p>\n<\/div>\n<\/div>\n<div class=\"clear\"><\/div>\n<\/div>\n<p style=\"text-align: justify;\">A deputada Caroline de Toni (PSL-SC) apresentou nesta quinta-feira, 2, o\u00a0<a href=\"https:\/\/www.camara.leg.br\/proposicoesWeb\/fichadetramitacao?idProposicao=2256674\">PL 3.613\/2020<\/a>, que limita a veicula\u00e7\u00e3o da propaganda eleitoral gratuita das elei\u00e7\u00f5es de 2020 \u00e0 Empresa Brasil de Comunica\u00e7\u00e3o (EBC) e destina os valores poupados para as a\u00e7\u00f5es de enfrentamento do coronav\u00edrus. A empresa p\u00fablica \u00e9 respons\u00e1vel, por exemplo, pela TV Brasil, pela Ag\u00eancia Brasil e pela R\u00e1dio Nacional, entre outros ve\u00edculos.<\/p>\n<p style=\"text-align: justify;\">Em an\u00e1lise na C\u00e2mara dos Deputados, a proposta altera a\u00a0<a href=\"http:\/\/www2.camara.gov.br\/legin\/fed\/lei\/1997\/lei-9504-30-setembro-1997-365408-norma-pl.html\">Lei das Elei\u00e7\u00f5es<\/a>. Hoje a lei prev\u00ea que as emissoras de r\u00e1dio e TV t\u00eam direito a compensa\u00e7\u00e3o fiscal por ceder o hor\u00e1rio gratuito para a propaganda eleitoral.<\/p>\n<p style=\"text-align: justify;\">Segundo a parlamentar, o hor\u00e1rio eleitoral \u00e9 &#8220;gratuito&#8221; para o partido pol\u00edtico, mas &#8220;para a Uni\u00e3o, ele custa caro&#8221;. &#8220;Com a dissemina\u00e7\u00e3o da Covid-19 no Pa\u00eds, culminando na decreta\u00e7\u00e3o de estado de calamidade, \u00e9 urgente o redirecionamento de recursos para as \u00e1reas afetadas, como a sa\u00fade e, indiretamente, setores da economia popular atingidos pela dureza das medidas de conten\u00e7\u00e3o da doen\u00e7a&#8221;, defende.<\/p>\n<p style=\"text-align: justify;\"><strong>Preocupa\u00e7\u00f5es<\/strong><\/p>\n<p style=\"text-align: justify;\">Em nota conjunta divulgada na \u00faltima ter\u00e7a, 30, a Associa\u00e7\u00e3o Brasileira Emissoras de R\u00e1dio e Televis\u00e3o (ABERT) e a Associa\u00e7\u00e3o Brasileira de R\u00e1dio e Televis\u00e3o (ABRATEL)\u00a0<a href=\"https:\/\/telaviva.com.br\/01\/07\/2020\/para-abert-e-abratel-volta-da-transmissao-da-propaganda-partidaria-e-preocupante\/\" target=\"_blank\" rel=\"noreferrer noopener\">dizem que acompanham, com preocupa\u00e7\u00e3o, as discuss\u00f5es<\/a>\u00a0em andamento no Congresso Nacional para restabelecer a obrigatoriedade de transmiss\u00e3o da propaganda partid\u00e1ria gratuita no r\u00e1dio e na televis\u00e3o (<a href=\"https:\/\/www25.senado.leg.br\/web\/atividade\/materias\/-\/materia\/138194\">PLS 4572\/19<\/a>).<\/p>\n<p style=\"text-align: justify;\">As entidades dizem que a lei 13.488\/2017, que extinguiu a propaganda partid\u00e1ria, buscou viabilizar o repasse de recursos p\u00fablicos para a constitui\u00e7\u00e3o do Fundo Especial para o Financiamento de Campanha (FEFC). A inten\u00e7\u00e3o legislativa, apontam as duas associa\u00e7\u00f5es, de recriar a propaganda partid\u00e1ria obrigat\u00f3ria, nesse contexto, al\u00e9m de implicar necessariamente a discuss\u00e3o sobre o aumento de gastos p\u00fablicos, impactar\u00e1 no funcionamento das emissoras de radiodifus\u00e3o, com efeitos severos na programa\u00e7\u00e3o, na audi\u00eancia e nas receitas do segmento, que n\u00e3o ser\u00e3o recuperados pelo mecanismo de compensa\u00e7\u00e3o fiscal.<\/p>\n<p style=\"text-align: justify;\"><strong>Menos tempo<\/strong><\/p>\n<p style=\"text-align: justify;\">Foram\u00a0<a href=\"https:\/\/telaviva.com.br\/02\/07\/2020\/congresso-rejeita-ampliacao-de-propaganda-eleitoral-gratuita-na-emenda-constitucional-que-adia-eleicoes\/\" target=\"_blank\" rel=\"noreferrer noopener\">rejeitadas as emendas<\/a>\u00a0que aumentariam o per\u00edodo de propaganda eleitoral gratuita no r\u00e1dio e na TV na Emenda Constitucional 107 de 2020, promulgada nesta quinta, 2. A emenda, que adiou a data das elei\u00e7\u00f5es municipais deste ano para novembro, manteve o in\u00edcio da propaganda gratuita 35 dias antes da realiza\u00e7\u00e3o do pleito.<\/p>\n<p style=\"text-align: justify;\">\n<p style=\"text-align: justify;\">Fonte:\u00a0 Tela Viva<\/p>\n","protected":false},"excerpt":{"rendered":"<p>POR\u00a0MARCOS URUP\u00c1 A deputada Caroline de Toni (PSL-SC) apresentou nesta&hellip;<\/p>\n<p> <a class=\"more-link\" href=\"https:\/\/sertsc.org.br\/site\/pl-propoe-limitar-veiculacao-da-propaganda-eleitoral-gratuita-apenas-ebc\/\">Leia mais<\/a><\/p>\n","protected":false},"author":1,"featured_media":12864,"comment_status":"closed","ping_status":"open","sticky":false,"template":"","format":"standard","meta":{"footnotes":""},"categories":[3],"tags":[],"class_list":{"0":"post-12863","1":"post","2":"type-post","3":"status-publish","4":"format-standard","5":"has-post-thumbnail","7":"category-noticias"},"_links":{"self":[{"href":"https:\/\/sertsc.org.br\/site\/wp-json\/wp\/v2\/posts\/12863","targetHints":{"allow":["GET"]}}],"collection":[{"href":"https:\/\/sertsc.org.br\/site\/wp-json\/wp\/v2\/posts"}],"about":[{"href":"https:\/\/sertsc.org.br\/site\/wp-json\/wp\/v2\/types\/post"}],"author":[{"embeddable":true,"href":"https:\/\/sertsc.org.br\/site\/wp-json\/wp\/v2\/users\/1"}],"replies":[{"embeddable":true,"href":"https:\/\/sertsc.org.br\/site\/wp-json\/wp\/v2\/comments?post=12863"}],"version-history":[{"count":0,"href":"https:\/\/sertsc.org.br\/site\/wp-json\/wp\/v2\/posts\/12863\/revisions"}],"wp:featuredmedia":[{"embeddable":true,"href":"https:\/\/sertsc.org.br\/site\/wp-json\/"}],"wp:attachment":[{"href":"https:\/\/sertsc.org.br\/site\/wp-json\/wp\/v2\/media?parent=12863"}],"wp:term":[{"taxonomy":"category","embeddable":true,"href":"https:\/\/sertsc.org.br\/site\/wp-json\/wp\/v2\/categories?post=12863"},{"taxonomy":"post_tag","embeddable":true,"href":"https:\/\/sertsc.org.br\/site\/wp-json\/wp\/v2\/tags?post=12863"}],"curies":[{"name":"wp","href":"https:\/\/api.w.org\/{rel}","templated":true}]}}