{"id":12840,"date":"2020-07-02T08:46:46","date_gmt":"2020-07-02T11:46:46","guid":{"rendered":"http:\/\/www.sertsc.org.br\/site\/?p=12840"},"modified":"2020-07-02T08:46:46","modified_gmt":"2020-07-02T11:46:46","slug":"radio-nereu-ramos-inicia-transmissoes-em-fm-em-blumenau","status":"publish","type":"post","link":"https:\/\/sertsc.org.br\/site\/radio-nereu-ramos-inicia-transmissoes-em-fm-em-blumenau\/","title":{"rendered":"Santa Catarina comemora 55 emissoras que migraram do AM para FM"},"content":{"rendered":"<p style=\"text-align: justify;\">R\u00e1dio Nereu Ramos iniciou suas transmiss\u00f5es em FM dia 1\u00ba de julho<\/p>\n<p style=\"text-align: justify;\">\nA partir desta quarta-feira (01\/06) o p\u00fablico de Blumenau e regi\u00e3o, no Vale do Itaja\u00ed, tem mais uma op\u00e7\u00e3o de emissoras em Frequ\u00eancia Modulada. Entrou no ar em FM a R\u00e1dio Nereu Ramos (FM 88.7\/AM 760), a primeira emissora a migrar na cidade de Blumenau.<\/p>\n<p style=\"text-align: justify;\">A opera\u00e7\u00e3o da R\u00e1dio Nereu Ramos vai seguir a mesma com a migra\u00e7\u00e3o, com programa\u00e7\u00e3o jornal\u00edstica local e regional. O canal 760 AM, com 25 KW de pot\u00eancia, deve operar ao longo dos pr\u00f3ximos meses at\u00e9 a retirada de sua torre de transmiss\u00e3o para amplia\u00e7\u00e3o do aeroporto Quero-Quero, importante instrumento para log\u00edstica local e transplantes de \u00f3rg\u00e3os.<\/p>\n<p style=\"text-align: justify;\">As outras emissoras AMs de Blumenau devem alinhar no pr\u00f3ximo m\u00eas em conjunto, um novo estudo para buscar a migra\u00e7\u00e3o dentro da faixa convencional de FM.<\/p>\n<p style=\"text-align: justify;\">Veja abaixo a rela\u00e7\u00e3o completa das emissoras que j\u00e1 migraram:<\/p>\n<p>88.7 FM \u2013 R\u00e1dio Nereu Ramos \u2013 Blumenau<\/p>\n<p>98.9 FM &#8211; R\u00e1dio Super Cond\u00e1 \u2013 Chapec\u00f3<\/p>\n<p>88.5 FM &#8211; Nativa FM &#8211; Tubar\u00e3o<\/p>\n<p>88.5 FM &#8211; R\u00e1dio Clube &#8211; S\u00e3o Jo\u00e3o Batista<\/p>\n<p>88.9 FM &#8211; R\u00e1dio Gralha FM &#8211; Urubici<\/p>\n<p>89.1 FM &#8211; R\u00e1dio Rainha das Quedas &#8211; Abelardo Luz<\/p>\n<p>89.9 FM &#8211; R\u00e1dio Mix FM &#8211; Lages<\/p>\n<p>89.9 FM &#8211; R\u00e1dio Belos Vales &#8211; Ibirama<\/p>\n<p>89.9 FM &#8211; Cruz de Malta FM &#8211; Lauro Muller<\/p>\n<p>90.3 FM &#8211; Educadora FM &#8211; Tai\u00f3<\/p>\n<p>90.3 FM &#8211; R\u00e1dio S\u00e3o Bento &#8211; S\u00e3o Bento do Sul<\/p>\n<p>90.3 FM &#8211; Difusora FM &#8211; Maravilha<\/p>\n<p>90.9 FM &#8211; FM Divino Oleiro &#8211; Balne\u00e1rio Cambori\u00fa<\/p>\n<p>91.5 FM &#8211; R\u00e1dio Difusora &#8211; Laguna<\/p>\n<p>91.5 FM &#8211; Modelo FM &#8211; Modelo<\/p>\n<p>91.9 FM &#8211; Verde Vale FM &#8211; Bra\u00e7o do Norte<\/p>\n<p>92.1 FM &#8211; Massa FM &#8211; Lages<\/p>\n<p>92.1 FM &#8211; Cultura FM &#8211; Timb\u00f3<\/p>\n<p>92.1 FM &#8211; R\u00e1dio Belos Montes &#8211; Seara<\/p>\n<p>92.7 FM &#8211; R\u00e1dio Namb\u00e1 &#8211; Ponte Serrada<\/p>\n<p>93.9 FM &#8211; Hiper FM &#8211; Laguna<\/p>\n<p>93.9 FM &#8211; R\u00e1dio Cultura &#8211; Campos Novos<\/p>\n<p>94.1 FM &#8211; R\u00e1dio Imigrantes &#8211; Turvo<\/p>\n<p>94.3 FM &#8211; RBN FM &#8211; Jaragu\u00e1 do Sul<\/p>\n<p>94.5 FM &#8211; Massa FM &#8211; I\u00e7ara \/ Crici\u00fama<\/p>\n<p>94.5 FM &#8211; Alvorada FM &#8211; Santa Cec\u00edlia<\/p>\n<p>94.7 FM &#8211; Band FM &#8211; Coronel Freitas \/ Chapec\u00f3<\/p>\n<p>94.7 FM &#8211; R\u00e1dio Sintonia &#8211; Ituporanga<\/p>\n<p>94.9 FM &#8211; R\u00e1dio Clube &#8211; Canoinhas<\/p>\n<p>95.1 FM &#8211; R\u00e1dio Pomerode &#8211; Pomerode<\/p>\n<p>95.1 FM &#8211; R\u00e1dio Fraiburgo FM &#8211; Fraiburgo<\/p>\n<p>95.5 FM &#8211; R\u00e1dio Planalto &#8211; Major Vieira<\/p>\n<p>95.7 FM &#8211; R\u00e1dio Cidade &#8211; S\u00e3o Miguel do Oeste<\/p>\n<p>96.7 FM &#8211; A Nossa R\u00e1dio 96.7 FM &#8211; Caibi<\/p>\n<p>96.9 FM &#8211; R\u00e1dio S\u00e3o Jos\u00e9 &#8211; Mafra<\/p>\n<p>97.7 FM &#8211; Massa FM &#8211; S\u00e3o Jos\u00e9 \/ Florian\u00f3polis<\/p>\n<p>97.9 FM &#8211; Rio Negrinho FM &#8211; Rio Negrinho<\/p>\n<p>98.3 FM &#8211; R\u00e1dio Clube &#8211; Lages<\/p>\n<p>98.9 FM &#8211; Cond\u00e1 FM &#8211; Chapec\u00f3<\/p>\n<p>99.9 FM &#8211; R\u00e1dio Marconi &#8211; Urussanga<\/p>\n<p>99.9 FM &#8211; R\u00e1dio Peperi &#8211; S\u00e3o Miguel do Oeste<\/p>\n<p>100.3 FM &#8211; R\u00e1dio Difusora &#8211; Imbituba<\/p>\n<p>100.5 FM &#8211; Antena 100 FM &#8211; Joa\u00e7aba<\/p>\n<p>100.9 FM &#8211; Centro Oeste FM &#8211; Pinhalzinho<\/p>\n<p>101.1 FM &#8211; R\u00e1dio Clube &#8211; Indaial<\/p>\n<p>101.1 FM &#8211; Demais FM &#8211; Itai\u00f3polis<\/p>\n<p>101.3 FM &#8211; R\u00e1dio Jaragu\u00e1 &#8211; Jaragu\u00e1 do Sul<\/p>\n<p>103.1 FM &#8211; Antena 1 &#8211; Lages<\/p>\n<p>104.1 FM &#8211; A Nossa R\u00e1dio 104.1 FM &#8211; S\u00e3o Carlos<\/p>\n<p>104.3 FM &#8211; R\u00e1dio Clube &#8211; S\u00e3o Domingos<\/p>\n<p>105.9 FM &#8211; Tunapor\u00e3 FM &#8211; Tun\u00e1polis<\/p>\n<p>106.1 FM &#8211; Coroado FM &#8211; Curitibanos<\/p>\n<p>106.7 FM &#8211; R\u00e1dio Difusora &#8211; S\u00e3o Joaquim<\/p>\n<p>107.3 FM &#8211; R\u00e1dio Jornal A Verdade &#8211; S\u00e3o Jos\u00e9 \/ Florian\u00f3polis<\/p>\n<p>107.3 FM &#8211; R\u00e1dio Ca\u00e7anjur\u00ea &#8211; Ca\u00e7ador<\/p>\n<p>&nbsp;<\/p>\n<p>&nbsp;<\/p>\n<p>Fonte: ACAERT<\/p>\n","protected":false},"excerpt":{"rendered":"<p>R\u00e1dio Nereu Ramos iniciou suas transmiss\u00f5es em FM dia 1\u00ba&hellip;<\/p>\n<p> <a class=\"more-link\" href=\"https:\/\/sertsc.org.br\/site\/radio-nereu-ramos-inicia-transmissoes-em-fm-em-blumenau\/\">Leia mais<\/a><\/p>\n","protected":false},"author":1,"featured_media":12841,"comment_status":"closed","ping_status":"open","sticky":false,"template":"","format":"standard","meta":{"footnotes":""},"categories":[3],"tags":[],"class_list":{"0":"post-12840","1":"post","2":"type-post","3":"status-publish","4":"format-standard","5":"has-post-thumbnail","7":"category-noticias"},"_links":{"self":[{"href":"https:\/\/sertsc.org.br\/site\/wp-json\/wp\/v2\/posts\/12840","targetHints":{"allow":["GET"]}}],"collection":[{"href":"https:\/\/sertsc.org.br\/site\/wp-json\/wp\/v2\/posts"}],"about":[{"href":"https:\/\/sertsc.org.br\/site\/wp-json\/wp\/v2\/types\/post"}],"author":[{"embeddable":true,"href":"https:\/\/sertsc.org.br\/site\/wp-json\/wp\/v2\/users\/1"}],"replies":[{"embeddable":true,"href":"https:\/\/sertsc.org.br\/site\/wp-json\/wp\/v2\/comments?post=12840"}],"version-history":[{"count":0,"href":"https:\/\/sertsc.org.br\/site\/wp-json\/wp\/v2\/posts\/12840\/revisions"}],"wp:featuredmedia":[{"embeddable":true,"href":"https:\/\/sertsc.org.br\/site\/wp-json\/"}],"wp:attachment":[{"href":"https:\/\/sertsc.org.br\/site\/wp-json\/wp\/v2\/media?parent=12840"}],"wp:term":[{"taxonomy":"category","embeddable":true,"href":"https:\/\/sertsc.org.br\/site\/wp-json\/wp\/v2\/categories?post=12840"},{"taxonomy":"post_tag","embeddable":true,"href":"https:\/\/sertsc.org.br\/site\/wp-json\/wp\/v2\/tags?post=12840"}],"curies":[{"name":"wp","href":"https:\/\/api.w.org\/{rel}","templated":true}]}}