{"id":12834,"date":"2020-07-01T09:48:42","date_gmt":"2020-07-01T12:48:42","guid":{"rendered":"http:\/\/www.sertsc.org.br\/site\/?p=12834"},"modified":"2020-07-01T09:48:42","modified_gmt":"2020-07-01T12:48:42","slug":"o-sertsc-manifesta-sua-solidariedade-aos-radiodifusores-de-santa-catarina","status":"publish","type":"post","link":"https:\/\/sertsc.org.br\/site\/o-sertsc-manifesta-sua-solidariedade-aos-radiodifusores-de-santa-catarina\/","title":{"rendered":"O SERT\/SC manifesta sua solidariedade aos radiodifusores de Santa Catarina"},"content":{"rendered":"<p style=\"text-align: justify;\">O SERT\/SC manifesta sua solidariedade aos radiodifusores de Santa Catarina afetados pelo fort\u00edssimo vendaval que atingiu o estado ontem (30\/6). Os efeitos desse fen\u00f4meno se somam aos desafios j\u00e1 enfrentados por conta da pandemia do novo coronavirus. Estamos certos de que a radiodifus\u00e3o catarinense, mais uma vez, demonstrar\u00e1 sua for\u00e7a e seguir\u00e1 em frente, prestando servi\u00e7o ao povo do estado.<\/p>\n<p style=\"text-align: justify;\">Ana Paula Melo<br \/>\nPresidente SERT\/SC<\/p>\n","protected":false},"excerpt":{"rendered":"<p>O SERT\/SC manifesta sua solidariedade aos radiodifusores de Santa Catarina&hellip;<\/p>\n<p> <a class=\"more-link\" href=\"https:\/\/sertsc.org.br\/site\/o-sertsc-manifesta-sua-solidariedade-aos-radiodifusores-de-santa-catarina\/\">Leia mais<\/a><\/p>\n","protected":false},"author":1,"featured_media":12835,"comment_status":"closed","ping_status":"open","sticky":false,"template":"","format":"standard","meta":{"footnotes":""},"categories":[3],"tags":[],"class_list":{"0":"post-12834","1":"post","2":"type-post","3":"status-publish","4":"format-standard","5":"has-post-thumbnail","7":"category-noticias"},"_links":{"self":[{"href":"https:\/\/sertsc.org.br\/site\/wp-json\/wp\/v2\/posts\/12834","targetHints":{"allow":["GET"]}}],"collection":[{"href":"https:\/\/sertsc.org.br\/site\/wp-json\/wp\/v2\/posts"}],"about":[{"href":"https:\/\/sertsc.org.br\/site\/wp-json\/wp\/v2\/types\/post"}],"author":[{"embeddable":true,"href":"https:\/\/sertsc.org.br\/site\/wp-json\/wp\/v2\/users\/1"}],"replies":[{"embeddable":true,"href":"https:\/\/sertsc.org.br\/site\/wp-json\/wp\/v2\/comments?post=12834"}],"version-history":[{"count":0,"href":"https:\/\/sertsc.org.br\/site\/wp-json\/wp\/v2\/posts\/12834\/revisions"}],"wp:featuredmedia":[{"embeddable":true,"href":"https:\/\/sertsc.org.br\/site\/wp-json\/"}],"wp:attachment":[{"href":"https:\/\/sertsc.org.br\/site\/wp-json\/wp\/v2\/media?parent=12834"}],"wp:term":[{"taxonomy":"category","embeddable":true,"href":"https:\/\/sertsc.org.br\/site\/wp-json\/wp\/v2\/categories?post=12834"},{"taxonomy":"post_tag","embeddable":true,"href":"https:\/\/sertsc.org.br\/site\/wp-json\/wp\/v2\/tags?post=12834"}],"curies":[{"name":"wp","href":"https:\/\/api.w.org\/{rel}","templated":true}]}}