{"id":12689,"date":"2020-06-04T09:35:43","date_gmt":"2020-06-04T12:35:43","guid":{"rendered":"http:\/\/www.sertsc.org.br\/site\/?p=12689"},"modified":"2020-06-04T09:35:43","modified_gmt":"2020-06-04T12:35:43","slug":"campanha-que-ressalta-importancia-do-radio-tem-abert-como-parceira","status":"publish","type":"post","link":"https:\/\/sertsc.org.br\/site\/campanha-que-ressalta-importancia-do-radio-tem-abert-como-parceira\/","title":{"rendered":"Campanha que ressalta a import\u00e2ncia do r\u00e1dio tem ABERT como parceira"},"content":{"rendered":"<p style=\"text-align: justify;\">Foi lan\u00e7ada recentemente nas redes sociais a campanha &#8220;O R\u00e1dio faz a diferen\u00e7a&#8221;. Idealizado pelo empres\u00e1rio de radiodifus\u00e3o F\u00e1bio Schuck, o projeto tem a parceria da Abert (Associa\u00e7\u00e3o Brasileira de Emissoras de R\u00e1dio e Televis\u00e3o) e visa ressaltar a import\u00e2ncia do ve\u00edculo de comunica\u00e7\u00e3o.<\/p>\n<p style=\"text-align: justify;\">Entre as a\u00e7\u00f5es destacadas na campanha est\u00e3o depoimentos de locutores e profissionais do r\u00e1dio sobre a import\u00e2ncia do meio, os quais s\u00e3o veiculados nas redes sociais e que promovem o incentivo a participa\u00e7\u00e3o de anunciantes e de ouvintes, al\u00e9m de chamar a aten\u00e7\u00e3o para as informa\u00e7\u00f5es e produtos oferecidos pelo meio.<\/p>\n<p style=\"text-align: justify;\">O projeto surgiu em meio a pandemia do novo coronav\u00edrus e foi lan\u00e7ado pelo empres\u00e1rio de radiodifus\u00e3o F\u00e1bio Schuck. Al\u00e9m da participa\u00e7\u00e3o de profissionais do r\u00e1dio, a campanha &#8220;O R\u00e1dio faz a diferen\u00e7a&#8221; conta tamb\u00e9m com depoimentos de de artistas e personalidades com forte liga\u00e7\u00e3o com o r\u00e1dio.<\/p>\n<p style=\"text-align: justify;\">\n<figure id=\"attachment_12690\" aria-describedby=\"caption-attachment-12690\" style=\"width: 500px\" class=\"wp-caption aligncenter\"><img fetchpriority=\"high\" decoding=\"async\" class=\"size-full wp-image-12690\" src=\"http:\/\/www.sertsc.org.br\/site\/wp-content\/uploads\/2020\/06\/5ed8d5e56abd1.jpg\" alt=\"Campanha &quot;O R\u00e1dio faz a diferen\u00e7a&quot; \/ Reprodu\u00e7\u00e3o: Instagram O R\u00e1dio Faz A Diferen\u00e7a\" width=\"500\" height=\"500\" \/><figcaption id=\"caption-attachment-12690\" class=\"wp-caption-text\">Campanha &#8220;O R\u00e1dio faz a diferen\u00e7a&#8221; \/ Reprodu\u00e7\u00e3o: Instagram O R\u00e1dio Faz A Diferen\u00e7a<\/figcaption><\/figure>\n<p style=\"text-align: justify;\">\n<p style=\"text-align: justify;\">&#8220;O microfone da sua r\u00e1dio local \u00e9 uma ferramenta com uma for\u00e7a incr\u00edvel. Ele est\u00e1 se fortalecendo em tempos de pandemia, porque nenhum ve\u00edculo \u00e9 t\u00e3o companheiro e tem tanta credibilidade&#8221;, lembra o locutor Nilson Couto, em depoimento enviado para a campanha.<\/p>\n<p style=\"text-align: justify;\">Os interessados em participar do projeto podem gravar um v\u00eddeo contendo at\u00e9 um minuto de dura\u00e7\u00e3o e encaminhar para os perfis oradiofazadiferenca ou\u00a0<strong><a href=\"https:\/\/www.instagram.com\/ofabioschuck\/\" target=\"_blank\" rel=\"noopener noreferrer\">@ofabioschuck<\/a><\/strong>, no Instagram.<\/p>\n<p style=\"text-align: justify;\"><em>Com informa\u00e7\u00f5es do portal da Abert<\/em><\/p>\n<p style=\"text-align: justify;\">Fonte: TudoR\u00e1dio<\/p>\n","protected":false},"excerpt":{"rendered":"<p>Foi lan\u00e7ada recentemente nas redes sociais a campanha &#8220;O R\u00e1dio&hellip;<\/p>\n<p> <a class=\"more-link\" href=\"https:\/\/sertsc.org.br\/site\/campanha-que-ressalta-importancia-do-radio-tem-abert-como-parceira\/\">Leia mais<\/a><\/p>\n","protected":false},"author":1,"featured_media":12690,"comment_status":"closed","ping_status":"open","sticky":false,"template":"","format":"standard","meta":{"footnotes":""},"categories":[3],"tags":[],"class_list":{"0":"post-12689","1":"post","2":"type-post","3":"status-publish","4":"format-standard","5":"has-post-thumbnail","7":"category-noticias"},"_links":{"self":[{"href":"https:\/\/sertsc.org.br\/site\/wp-json\/wp\/v2\/posts\/12689","targetHints":{"allow":["GET"]}}],"collection":[{"href":"https:\/\/sertsc.org.br\/site\/wp-json\/wp\/v2\/posts"}],"about":[{"href":"https:\/\/sertsc.org.br\/site\/wp-json\/wp\/v2\/types\/post"}],"author":[{"embeddable":true,"href":"https:\/\/sertsc.org.br\/site\/wp-json\/wp\/v2\/users\/1"}],"replies":[{"embeddable":true,"href":"https:\/\/sertsc.org.br\/site\/wp-json\/wp\/v2\/comments?post=12689"}],"version-history":[{"count":0,"href":"https:\/\/sertsc.org.br\/site\/wp-json\/wp\/v2\/posts\/12689\/revisions"}],"wp:featuredmedia":[{"embeddable":true,"href":"https:\/\/sertsc.org.br\/site\/wp-json\/"}],"wp:attachment":[{"href":"https:\/\/sertsc.org.br\/site\/wp-json\/wp\/v2\/media?parent=12689"}],"wp:term":[{"taxonomy":"category","embeddable":true,"href":"https:\/\/sertsc.org.br\/site\/wp-json\/wp\/v2\/categories?post=12689"},{"taxonomy":"post_tag","embeddable":true,"href":"https:\/\/sertsc.org.br\/site\/wp-json\/wp\/v2\/tags?post=12689"}],"curies":[{"name":"wp","href":"https:\/\/api.w.org\/{rel}","templated":true}]}}