{"id":12670,"date":"2020-06-02T10:58:48","date_gmt":"2020-06-02T13:58:48","guid":{"rendered":"http:\/\/www.sertsc.org.br\/site\/?p=12670"},"modified":"2020-06-02T10:58:48","modified_gmt":"2020-06-02T13:58:48","slug":"mctic-prorroga-suspensao-dos-prazos-de-processos-administrativos","status":"publish","type":"post","link":"https:\/\/sertsc.org.br\/site\/mctic-prorroga-suspensao-dos-prazos-de-processos-administrativos\/","title":{"rendered":"MCTIC prorroga suspens\u00e3o dos prazos de processos administrativos"},"content":{"rendered":"<p style=\"text-align: justify;\">O Minist\u00e9rio da Ci\u00eancia, Tecnologia, Inova\u00e7\u00f5es e Comunica\u00e7\u00f5es prorrogou at\u00e9 30 de junho a suspens\u00e3o dos prazos nos processos administrativos e de atendimento ao p\u00fablico em tramita\u00e7\u00e3o na Secretaria de Radiodifus\u00e3o.<\/p>\n<p style=\"text-align: justify;\">A prorroga\u00e7\u00e3o, em raz\u00e3o da pandemia do novo coronav\u00edrus,\u00a0<a href=\"https:\/\/telaviva.com.br\/wp-content\/uploads\/2020\/06\/portaria2456.pdf\">foi publicada no Di\u00e1rio Oficial da Uni\u00e3o desta segunda, 1\u00ba<\/a>.<\/p>\n<p style=\"text-align: justify;\">Ap\u00f3s o dia 30 de junho, os prazos ser\u00e3o reiniciados pelo tempo remanescente.<\/p>\n<p style=\"text-align: justify;\">\n<p style=\"text-align: justify;\">Fonte: Telaviva<\/p>\n","protected":false},"excerpt":{"rendered":"<p>O Minist\u00e9rio da Ci\u00eancia, Tecnologia, Inova\u00e7\u00f5es e Comunica\u00e7\u00f5es prorrogou at\u00e9&hellip;<\/p>\n<p> <a class=\"more-link\" href=\"https:\/\/sertsc.org.br\/site\/mctic-prorroga-suspensao-dos-prazos-de-processos-administrativos\/\">Leia mais<\/a><\/p>\n","protected":false},"author":1,"featured_media":12671,"comment_status":"closed","ping_status":"open","sticky":false,"template":"","format":"standard","meta":{"footnotes":""},"categories":[3],"tags":[],"class_list":{"0":"post-12670","1":"post","2":"type-post","3":"status-publish","4":"format-standard","5":"has-post-thumbnail","7":"category-noticias"},"_links":{"self":[{"href":"https:\/\/sertsc.org.br\/site\/wp-json\/wp\/v2\/posts\/12670","targetHints":{"allow":["GET"]}}],"collection":[{"href":"https:\/\/sertsc.org.br\/site\/wp-json\/wp\/v2\/posts"}],"about":[{"href":"https:\/\/sertsc.org.br\/site\/wp-json\/wp\/v2\/types\/post"}],"author":[{"embeddable":true,"href":"https:\/\/sertsc.org.br\/site\/wp-json\/wp\/v2\/users\/1"}],"replies":[{"embeddable":true,"href":"https:\/\/sertsc.org.br\/site\/wp-json\/wp\/v2\/comments?post=12670"}],"version-history":[{"count":0,"href":"https:\/\/sertsc.org.br\/site\/wp-json\/wp\/v2\/posts\/12670\/revisions"}],"wp:featuredmedia":[{"embeddable":true,"href":"https:\/\/sertsc.org.br\/site\/wp-json\/"}],"wp:attachment":[{"href":"https:\/\/sertsc.org.br\/site\/wp-json\/wp\/v2\/media?parent=12670"}],"wp:term":[{"taxonomy":"category","embeddable":true,"href":"https:\/\/sertsc.org.br\/site\/wp-json\/wp\/v2\/categories?post=12670"},{"taxonomy":"post_tag","embeddable":true,"href":"https:\/\/sertsc.org.br\/site\/wp-json\/wp\/v2\/tags?post=12670"}],"curies":[{"name":"wp","href":"https:\/\/api.w.org\/{rel}","templated":true}]}}