{"id":12660,"date":"2020-05-28T16:45:28","date_gmt":"2020-05-28T19:45:28","guid":{"rendered":"http:\/\/www.sertsc.org.br\/site\/?p=12660"},"modified":"2020-05-28T16:45:28","modified_gmt":"2020-05-28T19:45:28","slug":"mario-petrelli-e-historia-da-televisao","status":"publish","type":"post","link":"https:\/\/sertsc.org.br\/site\/mario-petrelli-e-historia-da-televisao\/","title":{"rendered":"M\u00e1rio Petrelli e a hist\u00f3ria da televis\u00e3o"},"content":{"rendered":"<p style=\"text-align: justify;\"><em>Por <span class=\"artigo-autor-nome\">Fernando Morgado\u00a0<\/span><span class=\"artigo-autor-funcao\">Assessor da Sert\/SC, professor universit\u00e1rio e escritor<\/span><\/em><\/p>\n<p style=\"text-align: justify;\">A partida de M\u00e1rio Petrelli ainda \u00e9 sentida em todo o Brasil. Como executivo e empres\u00e1rio, ele deixou profundas marcas nas \u00e1reas de seguros e comunica\u00e7\u00e3o. E uma dessas marcas merece ser devidamente registrada e sublinhada: Dr. M\u00e1rio foi o \u00fanico empres\u00e1rio do pa\u00eds que, em um mesmo estado, participou do desenvolvimento das quatro maiores redes de TV da atualidade, al\u00e9m de outras duas que j\u00e1 n\u00e3o existem mais.<\/p>\n<p style=\"text-align: justify;\">A trajet\u00f3ria de M\u00e1rio Petrelli na televis\u00e3o catarinense come\u00e7ou com a compra da Coligadas, de Blumenau, primeira emissora do estado e uma das primeiras afiliadas da Globo. Depois, tornou-se acionista da TV Cultura, que retransmitia a Tupi. Em 1982, fundou a TV Barriga Verde, que, ap\u00f3s passar pelo SBT e pela Manchete, juntou-se \u00e0 Band. No fim dos anos 1980, formou uma alian\u00e7a com a TV Planalto, hoje SCC, afiliada da rede de Silvio Santos. Em 2008, Petrelli ligou-se \u00e0 RecordTV, fortalecendo as bases do que hoje \u00e9 o grupo ND.<\/p>\n<p style=\"text-align: justify;\">Ao mesmo tempo em que ajudou a escrever a hist\u00f3ria da m\u00eddia de Santa Catarina, Dr. M\u00e1rio expandiu seus neg\u00f3cios no Paran\u00e1, onde, durante a juventude, chegou a ser rep\u00f3rter pol\u00edtico. O Sistema Sul de Comunica\u00e7\u00e3o, surgido a partir da antiga R\u00e1dio Independ\u00eancia, transformou-se na semente do grupo RIC.<\/p>\n<p style=\"text-align: justify;\">Todas essas emissoras nasceram a partir do olhar empresarial e, sobretudo, pol\u00edtico de M\u00e1rio Petrelli, que tinha a impressionante capacidade de transformar concorrentes em parceiros. Com seu esp\u00edrito conciliador e tino para os neg\u00f3cios, gerou empresas que empregam centenas de pessoas e fazem parte da vida de popula\u00e7\u00f5es inteiras.<\/p>\n<p style=\"text-align: justify;\">Em cada p\u00e1gina, programa e site produzido pelo grupo ND, h\u00e1 o esp\u00edrito do Dr. M\u00e1rio. Ele transformou aquilo que poderia ser encarado como mero investimento financeiro em um meio de informa\u00e7\u00e3o, presta\u00e7\u00e3o de servi\u00e7o e, sobretudo, uni\u00e3o cultural de Santa Catarina. Atrav\u00e9s do jornal, da TV e da Internet, todas as regi\u00f5es do estado se interligam, fortalecendo a identidade do povo catarinense, do qual M\u00e1rio Petrelli, com orgulho, fazia parte.<\/p>\n<p style=\"text-align: justify;\">Fonte: Ndmais<\/p>\n","protected":false},"excerpt":{"rendered":"<p>Por Fernando Morgado\u00a0Assessor da Sert\/SC, professor universit\u00e1rio e escritor A&hellip;<\/p>\n<p> <a class=\"more-link\" href=\"https:\/\/sertsc.org.br\/site\/mario-petrelli-e-historia-da-televisao\/\">Leia mais<\/a><\/p>\n","protected":false},"author":1,"featured_media":12661,"comment_status":"closed","ping_status":"open","sticky":false,"template":"","format":"standard","meta":{"footnotes":""},"categories":[36],"tags":[],"class_list":{"0":"post-12660","1":"post","2":"type-post","3":"status-publish","4":"format-standard","5":"has-post-thumbnail","7":"category-artigos"},"_links":{"self":[{"href":"https:\/\/sertsc.org.br\/site\/wp-json\/wp\/v2\/posts\/12660","targetHints":{"allow":["GET"]}}],"collection":[{"href":"https:\/\/sertsc.org.br\/site\/wp-json\/wp\/v2\/posts"}],"about":[{"href":"https:\/\/sertsc.org.br\/site\/wp-json\/wp\/v2\/types\/post"}],"author":[{"embeddable":true,"href":"https:\/\/sertsc.org.br\/site\/wp-json\/wp\/v2\/users\/1"}],"replies":[{"embeddable":true,"href":"https:\/\/sertsc.org.br\/site\/wp-json\/wp\/v2\/comments?post=12660"}],"version-history":[{"count":0,"href":"https:\/\/sertsc.org.br\/site\/wp-json\/wp\/v2\/posts\/12660\/revisions"}],"wp:featuredmedia":[{"embeddable":true,"href":"https:\/\/sertsc.org.br\/site\/wp-json\/"}],"wp:attachment":[{"href":"https:\/\/sertsc.org.br\/site\/wp-json\/wp\/v2\/media?parent=12660"}],"wp:term":[{"taxonomy":"category","embeddable":true,"href":"https:\/\/sertsc.org.br\/site\/wp-json\/wp\/v2\/categories?post=12660"},{"taxonomy":"post_tag","embeddable":true,"href":"https:\/\/sertsc.org.br\/site\/wp-json\/wp\/v2\/tags?post=12660"}],"curies":[{"name":"wp","href":"https:\/\/api.w.org\/{rel}","templated":true}]}}