{"id":12644,"date":"2020-05-28T14:28:22","date_gmt":"2020-05-28T17:28:22","guid":{"rendered":"http:\/\/www.sertsc.org.br\/site\/?p=12644"},"modified":"2020-05-28T14:28:22","modified_gmt":"2020-05-28T17:28:22","slug":"set-debate-futuro-de-grandes-eventos","status":"publish","type":"post","link":"https:\/\/sertsc.org.br\/site\/set-debate-futuro-de-grandes-eventos\/","title":{"rendered":"SET debate futuro de grandes eventos"},"content":{"rendered":"<p style=\"text-align: justify;\">Dando sequ\u00eancia ao projeto de debater os rumos de diversos setores da economia no per\u00edodo p\u00f3s-pandemia de COVID-19, a Sociedade Brasileira de Engenharia de Televis\u00e3o (SET), realizou, na quarta-feira (27), mais uma edi\u00e7\u00e3o do SET Business Webinars, rodada de conversas online com convidados que se destacam em diversos mercados.<\/p>\n<p style=\"text-align: justify;\">Os poss\u00edveis cen\u00e1rios futuros dos grandes eventos foram o assunto do debate.<\/p>\n<p style=\"text-align: justify;\">Ao abordar os rumos do\u00a0<em>show business<\/em>,\u00a0o presidente da Dream Factory\u00a0e vice-presidente do Grupo Artplan, Duda Magalh\u00e3es, destacou que a crise sanit\u00e1ria ir\u00e1 acelerar a transforma\u00e7\u00e3o digital do neg\u00f3cio de eventos, alterar prioridades e estimular novos formatos de produ\u00e7\u00e3o.<\/p>\n<p style=\"text-align: justify;\">Segundo ele, a escassez de programa\u00e7\u00e3o cultural gerou a consci\u00eancia de que existe uma intensa procura por intera\u00e7\u00e3o, ainda que virtual. \u201cA tecnologia potencializa o entretenimento ao vivo. A soma dos dois \u00e9 que vai entregar uma experi\u00eancia mais memor\u00e1vel ao consumidor\u201d, afirma. A sa\u00edda para encontrar novas solu\u00e7\u00f5es, salienta, \u00e9 manter o foco nas necessidades do cliente.<\/p>\n<p style=\"text-align: justify;\">S\u00f3cio da Comnaction Intelig\u00eancia Social &amp; Digital, Fernando Tom\u00e9 abordou diversos aspectos que ser\u00e3o impactados pela pandemia. No quesito grandes shows, por exemplo, ele acredita que, caso o Brasil se consolide como um dos pa\u00edses mais afetados pelo novo coronav\u00edrus, ser\u00e1 dif\u00edcil contratar artistas de maior renome para apresenta\u00e7\u00f5es no pa\u00eds.<\/p>\n<p style=\"text-align: justify;\">Outra consequ\u00eancia, acredita, ser\u00e1 uma an\u00e1lise mais seletiva de quais eventos merecer\u00e3o a presen\u00e7a de seu p\u00fablico. \u201cDever\u00edamos estar mais unidos, refletindo sobre os protocolos de retomada, e n\u00e3o olhando para a crise pol\u00edtica\u201d, defende.<\/p>\n<p style=\"text-align: justify;\">Empreendedor e diretor geral da ATMO Digital, Arnold Correia, aponta que o per\u00edodo de isolamento social acelerou o processo de transforma\u00e7\u00e3o digital por pessoas e empresas. \u201cDo mesmo jeito que nos adequamos a viajar depois dos atentados de 11 de setembro, teremos que nos readequar. Esses protocolos ter\u00e3o que fazer parte da nossa vida. Lavar mais as m\u00e3os, usar m\u00e1scara, promover menos aglomera\u00e7\u00f5es\u201d, reflete.<\/p>\n<p style=\"text-align: justify;\">Para viabilizar o processo de transi\u00e7\u00e3o para o conv\u00edvio presencial, ele aposta em eventos realizados para uma plateia reduzida, por\u00e9m transmitidos para milhares de espectadores.<\/p>\n<p style=\"text-align: justify;\">A media\u00e7\u00e3o ficou a cargo do conselheiro da\u00a0<em>SET<\/em>\u00a0e da\u00a0<em>ABERT<\/em>\u00a0e diretor de Assuntos Regulat\u00f3rios e Institucionais do SBT,\u00a0<em>Roberto Franco<\/em>.<\/p>\n<p style=\"text-align: justify;\">Fonte: ABERT<\/p>\n","protected":false},"excerpt":{"rendered":"<p>Dando sequ\u00eancia ao projeto de debater os rumos de diversos&hellip;<\/p>\n<p> <a class=\"more-link\" href=\"https:\/\/sertsc.org.br\/site\/set-debate-futuro-de-grandes-eventos\/\">Leia mais<\/a><\/p>\n","protected":false},"author":1,"featured_media":12645,"comment_status":"closed","ping_status":"open","sticky":false,"template":"","format":"standard","meta":{"footnotes":""},"categories":[3],"tags":[],"class_list":{"0":"post-12644","1":"post","2":"type-post","3":"status-publish","4":"format-standard","5":"has-post-thumbnail","7":"category-noticias"},"_links":{"self":[{"href":"https:\/\/sertsc.org.br\/site\/wp-json\/wp\/v2\/posts\/12644","targetHints":{"allow":["GET"]}}],"collection":[{"href":"https:\/\/sertsc.org.br\/site\/wp-json\/wp\/v2\/posts"}],"about":[{"href":"https:\/\/sertsc.org.br\/site\/wp-json\/wp\/v2\/types\/post"}],"author":[{"embeddable":true,"href":"https:\/\/sertsc.org.br\/site\/wp-json\/wp\/v2\/users\/1"}],"replies":[{"embeddable":true,"href":"https:\/\/sertsc.org.br\/site\/wp-json\/wp\/v2\/comments?post=12644"}],"version-history":[{"count":0,"href":"https:\/\/sertsc.org.br\/site\/wp-json\/wp\/v2\/posts\/12644\/revisions"}],"wp:featuredmedia":[{"embeddable":true,"href":"https:\/\/sertsc.org.br\/site\/wp-json\/"}],"wp:attachment":[{"href":"https:\/\/sertsc.org.br\/site\/wp-json\/wp\/v2\/media?parent=12644"}],"wp:term":[{"taxonomy":"category","embeddable":true,"href":"https:\/\/sertsc.org.br\/site\/wp-json\/wp\/v2\/categories?post=12644"},{"taxonomy":"post_tag","embeddable":true,"href":"https:\/\/sertsc.org.br\/site\/wp-json\/wp\/v2\/tags?post=12644"}],"curies":[{"name":"wp","href":"https:\/\/api.w.org\/{rel}","templated":true}]}}