{"id":12638,"date":"2020-05-28T09:48:41","date_gmt":"2020-05-28T12:48:41","guid":{"rendered":"http:\/\/www.sertsc.org.br\/site\/?p=12638"},"modified":"2020-05-28T09:48:41","modified_gmt":"2020-05-28T12:48:41","slug":"distrito-federal-aprova-novas-regras-para-instalacao-de-antenas","status":"publish","type":"post","link":"https:\/\/sertsc.org.br\/site\/distrito-federal-aprova-novas-regras-para-instalacao-de-antenas\/","title":{"rendered":"Distrito Federal aprova novas regras para instala\u00e7\u00e3o de antenas"},"content":{"rendered":"<p style=\"text-align: justify;\">A Comiss\u00e3o de Constitui\u00e7\u00e3o e Justi\u00e7a (CCJ) da C\u00e2mara Legislativa do Distrito Federal (CLDF) aprovou nesta quarta-feira, 27, o Projeto de Lei Complementar n\u00ba 12\/19, de autoria do Poder Executivo, que define\u00a0<strong>novos crit\u00e9rios para a implanta\u00e7\u00e3o de infraestrutura de telecomunica\u00e7\u00f5es no DF<\/strong>. A proposta determina que seja evitada a instala\u00e7\u00e3o de torres em &#8220;\u00e1reas cr\u00edticas&#8221; \u2013 dist\u00e2ncia de at\u00e9 50 metros de hospitais, cl\u00ednicas, escolas, creches e asilos.<\/p>\n<p style=\"text-align: justify;\">Em sintonia com a\u00a0<a href=\"http:\/\/www.planalto.gov.br\/ccivil_03\/_ato2015-2018\/2015\/lei\/L13116.htm\" rel=\"nofollow external noopener noreferrer\" data-wpel-link=\"external\">Lei n\u00ba 13.116\/2015 (Lei das Antenas)<\/a>, o PLC n\u00ba 12\/2019 estabelece tamb\u00e9m que a implanta\u00e7\u00e3o da infraestrutura deve utilizar, sempre que tecnicamente poss\u00edvel, equipamentos que possuam as menores dimens\u00f5es, que gerem o menor impacto visual negativo e que estejam integrados ou camuflados na paisagem urbana. Outra diretriz \u00e9 que as instala\u00e7\u00f5es devem respeitar os projetos urban\u00edsticos e paisag\u00edsticos, especialmente na \u00e1rea tombada de Bras\u00edlia.<\/p>\n<p style=\"text-align: justify;\"><strong>Respeito ao planejamento urbano<\/strong><\/p>\n<p style=\"text-align: justify;\">O PLC prev\u00ea ainda a prioriza\u00e7\u00e3o da implanta\u00e7\u00e3o de antenas em locais que gerem o menor impacto visual negativo com o entorno; o compartilhamento de infraestruturas urbanas e de suporte j\u00e1 existentes, sempre que tecnicamente poss\u00edvel; e o respeito pelos projetos urban\u00edsticos e paisag\u00edsticos, especialmente na \u00e1rea do Conjunto Urban\u00edstico de Bras\u00edlia (CUB) e nas \u00e1reas sens\u00edveis de relevante import\u00e2ncia hist\u00f3rica e cultural, bem como os bens tombados. A proposta abrange tamb\u00e9m a instala\u00e7\u00e3o de torres n\u00e3o apenas em terrenos p\u00fablicos, mas tamb\u00e9m em \u00e1reas privadas e na zona rural, o que nunca foi regulamentado na unidade federativa.<\/p>\n<p style=\"text-align: justify;\">Segundo o secret\u00e1rio de Desenvolvimento Urbano e Habita\u00e7\u00e3o do Distrito Federal, Mateus Leandro de Oliveira, a proposta n\u00e3o acarretaria em aumento de despesas. Ele explicou que o artigo 5\u00ba da Lei Complementar n\u00ba 755\/2008 regulamenta apenas a implanta\u00e7\u00e3o de infraestrutura realizada por meio de concess\u00e3o do espa\u00e7o p\u00fablico, mas n\u00e3o disp\u00f5e sobre esse tipo de constru\u00e7\u00e3o em \u00e1reas privadas ou zonas rurais.<\/p>\n<p style=\"text-align: justify;\">&#8220;A falta de regramento, de modo geral, permitiu, ao longo dos anos, a gera\u00e7\u00e3o de desarmonia ou desequil\u00edbrio na paisagem urbana com o aumento do impacto visual negativo. Portanto, \u00e9 imprescind\u00edvel a exist\u00eancia de norma distrital que estabele\u00e7a os crit\u00e9rios e par\u00e2metros urban\u00edsticos a serem observados nesses casos&#8221;, frisou o secretario.<\/p>\n<p style=\"text-align: justify;\">A mat\u00e9ria j\u00e1 havia sido aprovada na Comiss\u00e3o de Assuntos Fundi\u00e1rios (CAF), em forma de substitutivo, proposto pelo relator no colegiado, deputado Hermeto (MDB). Entre as novidades acatadas est\u00e1 a inclus\u00e3o de dispositivos legais que tratam do monitoramento da emiss\u00e3o de radia\u00e7\u00e3o por parte dos equipamentos de telecomunica\u00e7\u00f5es.\u00a0<em>(Com informa\u00e7\u00f5es da\u00a0<a href=\"http:\/\/www.cl.df.gov.br\/web\/guest\/ultimas-noticias\" rel=\"nofollow external noopener noreferrer\" data-wpel-link=\"external\">assessoria de imprensa da CLDF<\/a>)<\/em><\/p>\n<p style=\"text-align: justify;\">Fonte: Teletime<\/p>\n","protected":false},"excerpt":{"rendered":"<p>A Comiss\u00e3o de Constitui\u00e7\u00e3o e Justi\u00e7a (CCJ) da C\u00e2mara Legislativa&hellip;<\/p>\n<p> <a class=\"more-link\" href=\"https:\/\/sertsc.org.br\/site\/distrito-federal-aprova-novas-regras-para-instalacao-de-antenas\/\">Leia mais<\/a><\/p>\n","protected":false},"author":1,"featured_media":12639,"comment_status":"closed","ping_status":"open","sticky":false,"template":"","format":"standard","meta":{"footnotes":""},"categories":[3],"tags":[],"class_list":{"0":"post-12638","1":"post","2":"type-post","3":"status-publish","4":"format-standard","5":"has-post-thumbnail","7":"category-noticias"},"_links":{"self":[{"href":"https:\/\/sertsc.org.br\/site\/wp-json\/wp\/v2\/posts\/12638","targetHints":{"allow":["GET"]}}],"collection":[{"href":"https:\/\/sertsc.org.br\/site\/wp-json\/wp\/v2\/posts"}],"about":[{"href":"https:\/\/sertsc.org.br\/site\/wp-json\/wp\/v2\/types\/post"}],"author":[{"embeddable":true,"href":"https:\/\/sertsc.org.br\/site\/wp-json\/wp\/v2\/users\/1"}],"replies":[{"embeddable":true,"href":"https:\/\/sertsc.org.br\/site\/wp-json\/wp\/v2\/comments?post=12638"}],"version-history":[{"count":0,"href":"https:\/\/sertsc.org.br\/site\/wp-json\/wp\/v2\/posts\/12638\/revisions"}],"wp:featuredmedia":[{"embeddable":true,"href":"https:\/\/sertsc.org.br\/site\/wp-json\/"}],"wp:attachment":[{"href":"https:\/\/sertsc.org.br\/site\/wp-json\/wp\/v2\/media?parent=12638"}],"wp:term":[{"taxonomy":"category","embeddable":true,"href":"https:\/\/sertsc.org.br\/site\/wp-json\/wp\/v2\/categories?post=12638"},{"taxonomy":"post_tag","embeddable":true,"href":"https:\/\/sertsc.org.br\/site\/wp-json\/wp\/v2\/tags?post=12638"}],"curies":[{"name":"wp","href":"https:\/\/api.w.org\/{rel}","templated":true}]}}