{"id":12635,"date":"2020-05-27T17:02:05","date_gmt":"2020-05-27T20:02:05","guid":{"rendered":"http:\/\/www.sertsc.org.br\/site\/?p=12635"},"modified":"2020-05-27T17:02:05","modified_gmt":"2020-05-27T20:02:05","slug":"santa-catarina-comemora-53-emissoras-que-migraram-do-am-para-fm","status":"publish","type":"post","link":"https:\/\/sertsc.org.br\/site\/santa-catarina-comemora-53-emissoras-que-migraram-do-am-para-fm\/","title":{"rendered":"Santa Catarina comemora 53 emissoras que migraram do AM para FM"},"content":{"rendered":"<p style=\"text-align: justify;\">A partir desta quarta-feira (27\/05) o p\u00fablico de Tubar\u00e3o e regi\u00e3o, no sul do estado, tem mais uma op\u00e7\u00e3o de emissoras em Frequ\u00eancia Modulada. \u00a0<strong>Entrou no ar a Nativa FM Tubar\u00e3o, no dial 88.5 FM<\/strong>. O dia escolhido para celebrar a migra\u00e7\u00e3o n\u00e3o poderia ser mais oportuno, justamente a data em que se comemora 150 anos da cidade azul.<\/p>\n<p style=\"text-align: justify;\"><strong>A Nativa FM \u00e9 resultado da migra\u00e7\u00e3o do AM da antiga R\u00e1dio Santa Catarina, ou Super Santa, que ficou no ar por 58 anos no dial 1210 AM.<\/strong>\u00a0Com essa nova emissora, a Migra\u00e7\u00e3o em Santa Catarina j\u00e1 totaliza 53\u00a0novas FM\u2019s.<\/p>\n<p style=\"text-align: justify;\"><strong>Veja abaixo a rela\u00e7\u00e3o completa das emissoras que j\u00e1 migraram:<\/strong><\/p>\n<p style=\"text-align: justify;\">88.5 FM &#8211; Nativa FM &#8211; Tubar\u00e3o<\/p>\n<p style=\"text-align: justify;\">88.5 FM &#8211; R\u00e1dio Clube &#8211; S\u00e3o Jo\u00e3o Batista<\/p>\n<p style=\"text-align: justify;\">88.9 FM &#8211; R\u00e1dio Gralha FM &#8211; Urubici<\/p>\n<p style=\"text-align: justify;\">89.1 FM &#8211; R\u00e1dio Rainha das Quedas &#8211; Abelardo Luz<\/p>\n<p style=\"text-align: justify;\">89.9 FM &#8211; R\u00e1dio Mix FM &#8211; Lages<\/p>\n<p style=\"text-align: justify;\">89.9 FM &#8211; R\u00e1dio Belos Vales &#8211; Ibirama<\/p>\n<p style=\"text-align: justify;\">89.9 FM &#8211; Cruz de Malta FM &#8211; Lauro Muller<\/p>\n<p style=\"text-align: justify;\">90.3 FM &#8211; Educadora FM &#8211; Tai\u00f3<\/p>\n<p style=\"text-align: justify;\">90.3 FM &#8211; R\u00e1dio S\u00e3o Bento &#8211; S\u00e3o Bento do Sul<\/p>\n<p style=\"text-align: justify;\">90.3 FM &#8211; Difusora FM &#8211; Maravilha<\/p>\n<p style=\"text-align: justify;\">90.9 FM &#8211; FM Divino Oleiro &#8211; Balne\u00e1rio Cambori\u00fa<\/p>\n<p style=\"text-align: justify;\">91.5 FM &#8211; R\u00e1dio Difusora &#8211; Laguna<\/p>\n<p style=\"text-align: justify;\">91.5 FM &#8211; Modelo FM &#8211; Modelo<\/p>\n<p style=\"text-align: justify;\">91.9 FM &#8211; Verde Vale FM &#8211; Bra\u00e7o do Norte<\/p>\n<p style=\"text-align: justify;\">92.1 FM &#8211; Massa FM \u00a0&#8211; Lages<\/p>\n<p style=\"text-align: justify;\">92.1 FM &#8211; Cultura FM &#8211; Timb\u00f3<\/p>\n<p style=\"text-align: justify;\">92.1 FM &#8211; R\u00e1dio Belos Montes &#8211; Seara<\/p>\n<p style=\"text-align: justify;\">92.7 FM &#8211; R\u00e1dio Namb\u00e1 &#8211; Ponte Serrada<\/p>\n<p style=\"text-align: justify;\">93.9 FM &#8211; Hiper FM &#8211; Laguna<\/p>\n<p style=\"text-align: justify;\">93.9 FM &#8211; R\u00e1dio Cultura &#8211; Campos Novos<\/p>\n<p style=\"text-align: justify;\">94.1 FM &#8211; R\u00e1dio Imigrantes &#8211; Turvo<\/p>\n<p style=\"text-align: justify;\">94.3 FM &#8211; RBN FM &#8211; Jaragu\u00e1 do Sul<\/p>\n<p style=\"text-align: justify;\">94.5 FM &#8211; Massa FM &#8211; I\u00e7ara \/ Crici\u00fama<\/p>\n<p style=\"text-align: justify;\">94.5 FM &#8211; Alvorada FM &#8211; Santa Cec\u00edlia<\/p>\n<p style=\"text-align: justify;\">94.7 FM &#8211; Band FM &#8211; Coronel Freitas \/ Chapec\u00f3<\/p>\n<p style=\"text-align: justify;\">94.7 FM &#8211; R\u00e1dio Sintonia &#8211; Ituporanga<\/p>\n<p style=\"text-align: justify;\">94.9 FM &#8211; R\u00e1dio Clube &#8211; Canoinhas<\/p>\n<p style=\"text-align: justify;\">95.1 FM &#8211; R\u00e1dio Pomerode &#8211; Pomerode<\/p>\n<p style=\"text-align: justify;\">95.1 FM &#8211; R\u00e1dio Fraiburgo FM &#8211; Fraiburgo<\/p>\n<p style=\"text-align: justify;\">95.5 FM &#8211; R\u00e1dio Planalto &#8211; Major Vieira<\/p>\n<p style=\"text-align: justify;\">95.7 FM &#8211; R\u00e1dio Cidade &#8211; S\u00e3o Miguel do Oeste<\/p>\n<p style=\"text-align: justify;\">96.7 FM &#8211; A Nossa R\u00e1dio 96.7 FM &#8211; Caibi<\/p>\n<p style=\"text-align: justify;\">96.9 FM &#8211; R\u00e1dio S\u00e3o Jos\u00e9 &#8211; Mafra<\/p>\n<p style=\"text-align: justify;\">97.7 FM &#8211; Massa FM &#8211; S\u00e3o Jos\u00e9 \/ Florian\u00f3polis<\/p>\n<p style=\"text-align: justify;\">97.9 FM &#8211; Rio Negrinho FM &#8211; Rio Negrinho<\/p>\n<p style=\"text-align: justify;\">98.3 FM &#8211; R\u00e1dio Clube &#8211; Lages<\/p>\n<p style=\"text-align: justify;\">98.9 FM &#8211; Cond\u00e1 FM &#8211; Chapec\u00f3<\/p>\n<p style=\"text-align: justify;\">99.9 FM &#8211; R\u00e1dio Marconi &#8211; Urussanga<\/p>\n<p style=\"text-align: justify;\">99.9 FM &#8211; R\u00e1dio Peperi &#8211; S\u00e3o Miguel do Oeste<\/p>\n<p style=\"text-align: justify;\">100.3 FM &#8211; R\u00e1dio Difusora &#8211; Imbituba<\/p>\n<p style=\"text-align: justify;\">100.5 FM &#8211; Antena 100 FM &#8211; Joa\u00e7aba<\/p>\n<p style=\"text-align: justify;\">100.9 FM &#8211; Centro Oeste FM &#8211; Pinhalzinho<\/p>\n<p style=\"text-align: justify;\">101.1 FM &#8211; R\u00e1dio Clube &#8211; Indaial<\/p>\n<p style=\"text-align: justify;\">101.1 FM &#8211; Demais FM &#8211; Itai\u00f3polis<\/p>\n<p style=\"text-align: justify;\">101.3 FM &#8211; R\u00e1dio Jaragu\u00e1 &#8211; Jaragu\u00e1 do Sul<\/p>\n<p style=\"text-align: justify;\">103.1 FM &#8211; Antena 1\u00a0&#8211; Lages<\/p>\n<p style=\"text-align: justify;\">104.1 FM &#8211; A Nossa R\u00e1dio 104.1 FM &#8211; S\u00e3o Carlos<\/p>\n<p style=\"text-align: justify;\">104.3 FM &#8211; R\u00e1dio Clube &#8211; S\u00e3o Domingos<\/p>\n<p style=\"text-align: justify;\">105.9 FM &#8211; Tunapor\u00e3 FM &#8211; Tun\u00e1polis<\/p>\n<p style=\"text-align: justify;\">106.1 FM &#8211; Coroado FM &#8211; Curitibanos<\/p>\n<p style=\"text-align: justify;\">106.7 FM &#8211; R\u00e1dio Difusora &#8211; S\u00e3o Joaquim<\/p>\n<p style=\"text-align: justify;\">107.3 FM &#8211; R\u00e1dio Jornal A Verdade &#8211; S\u00e3o Jos\u00e9 \/ Florian\u00f3polis<\/p>\n<p style=\"text-align: justify;\">107.3 FM &#8211;\u00a0R\u00e1dio Ca\u00e7anjur\u00ea &#8211; Ca\u00e7ador<\/p>\n<p style=\"text-align: justify;\">\n<p style=\"text-align: justify;\">\n<p class=\"font-11\" style=\"text-align: justify;\">Fonte: ACAERT<\/p>\n","protected":false},"excerpt":{"rendered":"<p>A partir desta quarta-feira (27\/05) o p\u00fablico de Tubar\u00e3o e&hellip;<\/p>\n<p> <a class=\"more-link\" href=\"https:\/\/sertsc.org.br\/site\/santa-catarina-comemora-53-emissoras-que-migraram-do-am-para-fm\/\">Leia mais<\/a><\/p>\n","protected":false},"author":1,"featured_media":12636,"comment_status":"closed","ping_status":"open","sticky":false,"template":"","format":"standard","meta":{"footnotes":""},"categories":[3],"tags":[],"class_list":{"0":"post-12635","1":"post","2":"type-post","3":"status-publish","4":"format-standard","5":"has-post-thumbnail","7":"category-noticias"},"_links":{"self":[{"href":"https:\/\/sertsc.org.br\/site\/wp-json\/wp\/v2\/posts\/12635","targetHints":{"allow":["GET"]}}],"collection":[{"href":"https:\/\/sertsc.org.br\/site\/wp-json\/wp\/v2\/posts"}],"about":[{"href":"https:\/\/sertsc.org.br\/site\/wp-json\/wp\/v2\/types\/post"}],"author":[{"embeddable":true,"href":"https:\/\/sertsc.org.br\/site\/wp-json\/wp\/v2\/users\/1"}],"replies":[{"embeddable":true,"href":"https:\/\/sertsc.org.br\/site\/wp-json\/wp\/v2\/comments?post=12635"}],"version-history":[{"count":0,"href":"https:\/\/sertsc.org.br\/site\/wp-json\/wp\/v2\/posts\/12635\/revisions"}],"wp:featuredmedia":[{"embeddable":true,"href":"https:\/\/sertsc.org.br\/site\/wp-json\/"}],"wp:attachment":[{"href":"https:\/\/sertsc.org.br\/site\/wp-json\/wp\/v2\/media?parent=12635"}],"wp:term":[{"taxonomy":"category","embeddable":true,"href":"https:\/\/sertsc.org.br\/site\/wp-json\/wp\/v2\/categories?post=12635"},{"taxonomy":"post_tag","embeddable":true,"href":"https:\/\/sertsc.org.br\/site\/wp-json\/wp\/v2\/tags?post=12635"}],"curies":[{"name":"wp","href":"https:\/\/api.w.org\/{rel}","templated":true}]}}