{"id":12630,"date":"2020-05-27T10:02:33","date_gmt":"2020-05-27T13:02:33","guid":{"rendered":"http:\/\/www.sertsc.org.br\/site\/?p=12630"},"modified":"2020-05-27T10:02:33","modified_gmt":"2020-05-27T13:02:33","slug":"25o-painel-tudoradio-com-discute-as-lives-e-como-o-radio-pode-trabalhar-esse-conteudo-em-seu-planejamento","status":"publish","type":"post","link":"https:\/\/sertsc.org.br\/site\/25o-painel-tudoradio-com-discute-as-lives-e-como-o-radio-pode-trabalhar-esse-conteudo-em-seu-planejamento\/","title":{"rendered":"25\u00ba Painel tudoradio.com discute as lives e como o r\u00e1dio pode trabalhar esse conte\u00fado em seu planejamento"},"content":{"rendered":"<p style=\"text-align: justify;\">As lives viraram um fen\u00f4meno importante na internet durante o isolamento social imposto pela pandemia do novo coronav\u00edrus. S\u00e3o transmiss\u00f5es musicais, entrevistas, cursos e muitos outros conte\u00fados vivo. E qual o impacto disso para o r\u00e1dio? Quais as oportunidades para o meio? Estas e outras perguntas ser\u00e3o respondidas durante a 25\u00aa edi\u00e7\u00e3o do<strong>\u00a0Painel tudoradio.com,<\/strong>\u00a0marcada para o pr\u00f3ximo s\u00e1bado (30), \u00e0s 11 horas manh\u00e3, e que contar\u00e1 com as participa\u00e7\u00f5es de Patr\u00edcia Fragoso e Fernando Morgado.<\/p>\n<p style=\"text-align: justify;\">Patr\u00edcia Fragoso \u00e9 consultora com trabalhos nas \u00e1reas pesquisa e intelig\u00eancia de mercado. Atuou durante mais de dez anos no Sistema Globo de R\u00e1dio e, durante a pandemia do novo coronav\u00edrus, lan\u00e7ou o e-book gratuito &#8220;Oportunidades para as r\u00e1dios com as lives&#8221;.<\/p>\n<p>A profissional vai contar um pouco mais sobre o e-book e, com a participa\u00e7\u00e3o do consultor e professor Fernando Morgado, mostrar\u00e1 como o r\u00e1dio trabalha as lives em seus planejamentos, qual o impacto junto ao p\u00fablico e como esse tipo de a\u00e7\u00e3o pode ajudar no fortalecimento das marcas.<\/p>\n<p><strong><a href=\"https:\/\/tudoradio.com\/entrevistas\/ver\/210-patricia-fragoso\">Em entrevista concedida ao tudoradio.com neste m\u00eas de maio<\/a><\/strong>, Patr\u00edcia destacou que o ganho mais evidente proporcionado ao r\u00e1dio pelas lives e de car\u00e1ter institucional. &#8220;As lives proporcionam conte\u00fados in\u00e9ditos e de grande qualidade, fazendo com que o meio se mantenha entre as op\u00e7\u00f5es de entretenimento do p\u00fablico durante a pandemia&#8221;, disse.<\/p>\n<p>Patr\u00edcia tamb\u00e9m afirmou que as lives ainda devem evoluir bastante e lembrou que as transmiss\u00f5es foram iniciadas principalmente no Instagram, mas depois &#8220;o mercado buscou uma outra alternativa para que a experi\u00eancia evolu\u00edsse e trouxesse possibilidades mais interessantes ao p\u00fablico e aos anunciantes&#8221;, fazendo o YouTube ganhar maior evid\u00eancia.<\/p>\n<p>Como as lives podem evoluir ainda mais, Patr\u00edcia afirmou que o momento \u00e9 de experimentar e que o r\u00e1dio deve considerar a &#8220;adequa\u00e7\u00e3o aos interesses do p\u00fablico, coer\u00eancia com a marca de cada emissora, linguagem e oportunidades comerciais. Tudo isso tratado com criatividade e profissionalismo&#8221;.<\/p>\n<p>O e-book escrito por Patr\u00edcia Fragoso pode ser baixado gratuitamente via internet.\u00a0<strong><a href=\"http:\/\/tudoradio.com\/projetos\/redacao\/19052020_ebook.pdf?utm_source=ebook%2C%20lives&amp;utm_medium=cpc%2C%20click&amp;utm_campaign=ebook_lives\" target=\"_blank\" rel=\"noopener noreferrer\">Clique aqui para acessar.<\/a><\/strong><\/p>\n<p>Fernando Morgado, que tamb\u00e9m participou das duas \u00faltimas edi\u00e7\u00f5es do Painel tudoradio.com, foi um dos autores de outro\u00a0<strong><a href=\"https:\/\/tudoradio.com\/noticias\/ver\/23320-luiz-artur-ferraretto-e-fernando-morgado-lancam-e-book-gratuito-voltado-a-midia-sobre-combate-a-covid-19\">e-book gratuito, o &#8220;Covid-19 e comunica\u00e7\u00e3o: um guia pr\u00e1tico para enfrentar a crise&#8221;.<\/a><\/strong><\/p>\n<p>O 25\u00ba\u00a0<strong>Painel tudoradio.com<\/strong>\u00a0ser\u00e1 apresentado por Cristiano Stuani (Massa FM \/ On Air Mentoria) e por Daniel Starck (tudoradio.com).<\/p>\n<p style=\"text-align: justify;\"><img fetchpriority=\"high\" decoding=\"async\" class=\"aligncenter wp-image-12632 size-full\" src=\"http:\/\/www.sertsc.org.br\/site\/wp-content\/uploads\/2020\/05\/5ece40a328e13.jpg\" alt=\"5ece40a328e13\" width=\"500\" height=\"707\" \/><\/p>\n<p style=\"text-align: justify;\">\n<p style=\"text-align: justify;\">Quando? S\u00e1bado, 30 de maio &#8211; 11h00 (hor\u00e1rio de Bras\u00edlia)<br \/>\nOnde?<br \/>\nFan-Page do tudoradio.com &#8211;\u00a0<strong><a href=\"https:\/\/facebook.com\/portaltudoradio\/\" target=\"_blank\" rel=\"noopener noreferrer\">https:\/\/facebook.com\/portaltudoradio\/<\/a><\/strong><br \/>\nYouTube tudoradio.com &#8211;\u00a0<strong><a href=\"https:\/\/www.youtube.com\/tudoradiocom\" target=\"_blank\" rel=\"noopener noreferrer\">https:\/\/www.youtube.com\/tudoradiocom<\/a><\/strong><br \/>\nPortal tudoradio.com &#8211;\u00a0<strong>https:\/\/tudoradio.com<\/strong><br \/>\nTransmiss\u00e3o:\u00a0<strong><a href=\"https:\/\/crosshost.com.xn--br%20%20perdeu%20alguma%20outra%20edio%20passada-x8d3r\/?%20Acesse%20aqui!\" target=\"_blank\" rel=\"noopener noreferrer\">Cross Host<\/a><\/strong>\u00a0\/ Realiza\u00e7\u00e3o: On Air Mentoria e\u00a0<strong>tudoradio.com<\/strong><\/p>\n<p style=\"text-align: justify;\">\n<p style=\"text-align: justify;\">Fonte: Tudor\u00e1adio<\/p>\n","protected":false},"excerpt":{"rendered":"<p>As lives viraram um fen\u00f4meno importante na internet durante o&hellip;<\/p>\n<p> <a class=\"more-link\" href=\"https:\/\/sertsc.org.br\/site\/25o-painel-tudoradio-com-discute-as-lives-e-como-o-radio-pode-trabalhar-esse-conteudo-em-seu-planejamento\/\">Leia mais<\/a><\/p>\n","protected":false},"author":1,"featured_media":12632,"comment_status":"closed","ping_status":"open","sticky":false,"template":"","format":"standard","meta":{"footnotes":""},"categories":[3],"tags":[],"class_list":{"0":"post-12630","1":"post","2":"type-post","3":"status-publish","4":"format-standard","5":"has-post-thumbnail","7":"category-noticias"},"_links":{"self":[{"href":"https:\/\/sertsc.org.br\/site\/wp-json\/wp\/v2\/posts\/12630","targetHints":{"allow":["GET"]}}],"collection":[{"href":"https:\/\/sertsc.org.br\/site\/wp-json\/wp\/v2\/posts"}],"about":[{"href":"https:\/\/sertsc.org.br\/site\/wp-json\/wp\/v2\/types\/post"}],"author":[{"embeddable":true,"href":"https:\/\/sertsc.org.br\/site\/wp-json\/wp\/v2\/users\/1"}],"replies":[{"embeddable":true,"href":"https:\/\/sertsc.org.br\/site\/wp-json\/wp\/v2\/comments?post=12630"}],"version-history":[{"count":0,"href":"https:\/\/sertsc.org.br\/site\/wp-json\/wp\/v2\/posts\/12630\/revisions"}],"wp:featuredmedia":[{"embeddable":true,"href":"https:\/\/sertsc.org.br\/site\/wp-json\/"}],"wp:attachment":[{"href":"https:\/\/sertsc.org.br\/site\/wp-json\/wp\/v2\/media?parent=12630"}],"wp:term":[{"taxonomy":"category","embeddable":true,"href":"https:\/\/sertsc.org.br\/site\/wp-json\/wp\/v2\/categories?post=12630"},{"taxonomy":"post_tag","embeddable":true,"href":"https:\/\/sertsc.org.br\/site\/wp-json\/wp\/v2\/tags?post=12630"}],"curies":[{"name":"wp","href":"https:\/\/api.w.org\/{rel}","templated":true}]}}