{"id":12628,"date":"2020-05-26T09:02:35","date_gmt":"2020-05-26T12:02:35","guid":{"rendered":"http:\/\/www.sertsc.org.br\/site\/?p=12628"},"modified":"2020-05-26T09:02:35","modified_gmt":"2020-05-26T12:02:35","slug":"levantamento-migracao-am-fm-conta-com-mais-de-700-radios-ativas-em-fm-e-mapeadas-pelo-guia-dials-fmam-do-tudoradio-com","status":"publish","type":"post","link":"https:\/\/sertsc.org.br\/site\/levantamento-migracao-am-fm-conta-com-mais-de-700-radios-ativas-em-fm-e-mapeadas-pelo-guia-dials-fmam-do-tudoradio-com\/","title":{"rendered":"Levantamento: Migra\u00e7\u00e3o AM-FM conta com mais de 700 r\u00e1dios ativas em FM e mapeadas pelo guia Dials FM\/AM do tudoradio.com"},"content":{"rendered":"<p style=\"text-align: justify;\">Passou de 700 o n\u00famero de esta\u00e7\u00f5es originadas na faixa AM que j\u00e1 est\u00e3o ativas no dial FM e mapeadas pelo guia\u00a0<strong><a href=\"https:\/\/tudoradio.com\/dials\">Dials AM\/FM do tudoradio.com<\/a><\/strong>. Mesmo com a crise causada pelo novo coronav\u00edrus, o mercado brasileiro continua observando uma evolu\u00e7\u00e3o da migra\u00e7\u00e3o AM-FM, esta que segue se movimentando nos mercados com espa\u00e7os no chamado &#8220;dial FM convencional&#8221;, ou seja, entre 88.1 FM e 107.9 FM. O n\u00famero alcan\u00e7ado at\u00e9 o final desta mat\u00e9ria \u00e9 703 migrantes AMs ativas no dial FM. Essas mudan\u00e7as tamb\u00e9m s\u00e3o registradas pelo\u00a0<strong><a href=\"https:\/\/tudoradio.com\/conteudo\/ver\/45-o-radio-migracao-das-ams-levantamento-no-fm\">Mapa da Atualiza\u00e7\u00e3o do tudoradio.com<\/a><\/strong>.<\/p>\n<p style=\"text-align: justify;\">&#8220;Chegar ao n\u00famero de 700 emissoras migrantes como o levantamento do\u00a0<strong>tudoradio.com<\/strong>\u00a0acaba de constatar, \u00e9 realmente um marco hist\u00f3rico para a migra\u00e7\u00e3o do AM para o FM&#8221;, afirma Eduardo Cappia, engenheiro l\u00edder do comit\u00ea t\u00e9cnico da AESP.<\/p>\n<p style=\"text-align: justify;\">&#8220;Se considerarmos que o processo foi iniciado em 2013, com toda essa dificuldade econ\u00f4mica e de processamento que enfrentamos hoje, a conquista de 700 emissoras no ar representa mais de 900 contratos de migra\u00e7\u00e3o assinados&#8221;, lembra Cappia, engenheiro que tamb\u00e9m atua como conselheiro da SET.<\/p>\n<p style=\"text-align: justify;\">Cappia tamb\u00e9m considera que a marca de 700 migrantes ativas \u00e9 um sucesso do processo de migra\u00e7\u00e3o AM-FM. &#8220;Lembrando que n\u00f3s \u00e9ramos 1781 emissoras em canais de Ondas M\u00e9dias e hoje j\u00e1 temos 1200 ou 1300 com frequ\u00eancias em FM determinadas. Restam cerca de 400 canais com frequ\u00eancias para serem consignadas entre a faixa convencional e estendida de FM&#8221;, completa o engenheiro.<\/p>\n<p style=\"text-align: justify;\"><strong>Processo por estado<\/strong><\/p>\n<p style=\"text-align: justify;\">O estado do Paran\u00e1 \u00e9 quem tem o processo de migra\u00e7\u00e3o AM-FM mais adiantado, impulsionado tamb\u00e9m pelo uso do FM convencional em mercados como Londrina, Maring\u00e1, Cascavel e Ponta Grossa. J\u00e1 s\u00e3o 93 esta\u00e7\u00f5es originadas na faixa AM que est\u00e3o ativas no dial FM, segundo registro do guia\u00a0<strong><a href=\"https:\/\/tudoradio.com\/dials\">Dials AM\/FM do tudoradio.com.<\/a><\/strong><\/p>\n<p style=\"text-align: justify;\">Minas Gerais, estado com o maior n\u00famero de esta\u00e7\u00f5es de r\u00e1dio no Brasil, aparece com 83 migrantes AM-FM mapeadas, tamb\u00e9m tendo r\u00e1dios ativas em grandes centros, como Uberl\u00e2ndia, Juiz de Fora, Uberaba, Montes Claros, Divin\u00f3polis, Po\u00e7os de Caldas, Ipatinga, entre outros. Belo Horizonte ainda aguarda a faixa FM estendida (<strong><a href=\"https:\/\/tudoradio.com\/conteudo\/ver\/41-o-radio-migracao-das-ams-para-a-faixa-fm\">saiba mais<\/a><\/strong>).<\/p>\n<p style=\"text-align: justify;\">S\u00e3o Paulo, com 81 emissoras migrantes ativas em FM, tamb\u00e9m possu\u00ed um numero elevado de r\u00e1dios mapeadas pelo\u00a0<strong><a href=\"https:\/\/tudoradio.com\/dials\">Dials AM\/FM do tudoradio.com<\/a><\/strong>. Por\u00e9m, regi\u00f5es populosas e importantes como S\u00e3o Paulo, Campinas, Ribeir\u00e3o Preto, S\u00e3o Jos\u00e9 dos Campos, Piracicaba, Taubat\u00e9, entre outros, ainda aguardam por espa\u00e7os no espectro FM.<\/p>\n<p style=\"text-align: justify;\">O Cear\u00e1, estado que inaugurou o processo em 2016, conta com 36 emissoras mapeadas pelo guia.\u00a0<strong><a href=\"https:\/\/tudoradio.com\/conteudo\/ver\/45-o-radio-migracao-das-ams-levantamento-no-fm\">Veja aqui o levantamento completo.<\/a><\/strong><\/p>\n<p style=\"text-align: justify;\"><strong>Migrantes mais recentes no levantamento.<\/strong><\/p>\n<p style=\"text-align: justify;\">As \u00faltimas migrantes mapeadas pelo sistema do<strong>\u00a0tudoradio.com<\/strong>\u00a0foram as emissoras R\u00e1dio Can\u00e7\u00e3o Nova FM 90.9 de Vit\u00f3ria da Conquista (interior da Bahia, esta\u00e7\u00e3o originada em 1210 AM), R\u00e1dio 91.5 FM 91.5 de S\u00e3o Martinho (Rio Grande do Sul, vinda da sintonia 1570 AM), R\u00e1dio Parais\u00f3polis FM 92.3 de Parais\u00f3polis (sul de Minas Gerais, emissora que estava em 1490 AM) e R\u00e1dio Clube FM 107.3 de Varginha (emissora mineira que foi a 700\u00aa migrante a ser mapeada, originada em 1210 AM).<\/p>\n<p style=\"text-align: justify;\">O processo de migra\u00e7\u00e3o AM-FM em faixa estendida \u00e9 aguardado desde 2013 pelas emissoras AMs solicitantes. Em algumas regi\u00f5es, onde era previsto o uso do FM estendido, ap\u00f3s uma s\u00e9rie de acordos e uso do segundo adjacente, foi poss\u00edvel acomodar as migrantes na faixa convencional. Por\u00e9m os maiores centros seguem de fora.<\/p>\n<p>Enquanto aguardam a canaliza\u00e7\u00e3o, o mercado viu a evolu\u00e7\u00e3o da disponibilidade de receptores com o FM estendido dispon\u00edvel, este que foi inicialmente impulsionado por celulares com FM e r\u00e1dios em autom\u00f3veis. Em setembro de 2017, foi aprovada uma portaria que obriga a\u00a0<strong><a href=\"https:\/\/tudoradio.com\/noticias\/ver\/18257-migracao-am-fm-governo-assina-portaria-que-obriga-a-producao-de-radios-com-fm-estendido\">produ\u00e7\u00e3o de receptores com FM estendido no Brasil<\/a><\/strong>.<\/p>\n<p style=\"text-align: justify;\"><strong>O levantamento<\/strong><\/p>\n<p style=\"text-align: justify;\">O n\u00famero \u00e9 relacionado ao levantamento feito pelo\u00a0<strong>tudoradio.com<\/strong>\u00a0nos dials AM\/FM no portal, ou seja, s\u00e3o 703 migrantes AM-FM que tem a sua cobertura em FM j\u00e1 mapeada pela equipe do portal (at\u00e9 o fechamento desta mat\u00e9ria).<\/p>\n<p style=\"text-align: justify;\">O levantamento completo (inclusive o n\u00famero de migrantes por estado) pode ser\u00a0<strong><a href=\"https:\/\/tudoradio.com\/conteudo\/ver\/45-o-radio-migracao-das-ams-levantamento-no-fm\">acompanhado aqui<\/a><\/strong>. A atualiza\u00e7\u00e3o \u00e9 di\u00e1ria.<\/p>\n<p style=\"text-align: justify;\">Fonte: Tudor\u00e1dio<\/p>\n","protected":false},"excerpt":{"rendered":"<p>Passou de 700 o n\u00famero de esta\u00e7\u00f5es originadas na faixa&hellip;<\/p>\n<p> <a class=\"more-link\" href=\"https:\/\/sertsc.org.br\/site\/levantamento-migracao-am-fm-conta-com-mais-de-700-radios-ativas-em-fm-e-mapeadas-pelo-guia-dials-fmam-do-tudoradio-com\/\">Leia mais<\/a><\/p>\n","protected":false},"author":1,"featured_media":11591,"comment_status":"closed","ping_status":"open","sticky":false,"template":"","format":"standard","meta":{"footnotes":""},"categories":[3],"tags":[],"class_list":{"0":"post-12628","1":"post","2":"type-post","3":"status-publish","4":"format-standard","5":"has-post-thumbnail","7":"category-noticias"},"_links":{"self":[{"href":"https:\/\/sertsc.org.br\/site\/wp-json\/wp\/v2\/posts\/12628","targetHints":{"allow":["GET"]}}],"collection":[{"href":"https:\/\/sertsc.org.br\/site\/wp-json\/wp\/v2\/posts"}],"about":[{"href":"https:\/\/sertsc.org.br\/site\/wp-json\/wp\/v2\/types\/post"}],"author":[{"embeddable":true,"href":"https:\/\/sertsc.org.br\/site\/wp-json\/wp\/v2\/users\/1"}],"replies":[{"embeddable":true,"href":"https:\/\/sertsc.org.br\/site\/wp-json\/wp\/v2\/comments?post=12628"}],"version-history":[{"count":0,"href":"https:\/\/sertsc.org.br\/site\/wp-json\/wp\/v2\/posts\/12628\/revisions"}],"wp:featuredmedia":[{"embeddable":true,"href":"https:\/\/sertsc.org.br\/site\/wp-json\/"}],"wp:attachment":[{"href":"https:\/\/sertsc.org.br\/site\/wp-json\/wp\/v2\/media?parent=12628"}],"wp:term":[{"taxonomy":"category","embeddable":true,"href":"https:\/\/sertsc.org.br\/site\/wp-json\/wp\/v2\/categories?post=12628"},{"taxonomy":"post_tag","embeddable":true,"href":"https:\/\/sertsc.org.br\/site\/wp-json\/wp\/v2\/tags?post=12628"}],"curies":[{"name":"wp","href":"https:\/\/api.w.org\/{rel}","templated":true}]}}