{"id":12624,"date":"2020-05-25T16:25:33","date_gmt":"2020-05-25T19:25:33","guid":{"rendered":"http:\/\/www.sertsc.org.br\/site\/?p=12624"},"modified":"2020-05-25T16:25:33","modified_gmt":"2020-05-25T19:25:33","slug":"mctic-tem-novo-secretario-de-radiodifusao","status":"publish","type":"post","link":"https:\/\/sertsc.org.br\/site\/mctic-tem-novo-secretario-de-radiodifusao\/","title":{"rendered":"MCTIC tem novo secret\u00e1rio de radiodifus\u00e3o"},"content":{"rendered":"<p style=\"text-align: justify;\">O Minist\u00e9rio de Ci\u00eancia, Tecnologia, Inova\u00e7\u00f5es e Comunica\u00e7\u00f5es tem novo secret\u00e1rio de radiodifus\u00e3o. Ser\u00e1 Wilson Diniz Wellisch, que assume no lugar de Elifas Gurgel, que foi exonerado &#8220;a pedido&#8221; do cargo pelo ministro Marcos Pontes. Wellisch era diretor de inclus\u00e3o digital na secretaria de telecomunica\u00e7\u00f5es e \u00e9 servidor de carreira da Anatel. A mudan\u00e7a foi publicada nesta sexta-feira, 22, no Di\u00e1rio Oficial da Uni\u00e3o.<\/p>\n<p style=\"text-align: justify;\">Fonte: TelaViva<\/p>\n","protected":false},"excerpt":{"rendered":"<p>O Minist\u00e9rio de Ci\u00eancia, Tecnologia, Inova\u00e7\u00f5es e Comunica\u00e7\u00f5es tem novo&hellip;<\/p>\n<p> <a class=\"more-link\" href=\"https:\/\/sertsc.org.br\/site\/mctic-tem-novo-secretario-de-radiodifusao\/\">Leia mais<\/a><\/p>\n","protected":false},"author":1,"featured_media":12625,"comment_status":"closed","ping_status":"open","sticky":false,"template":"","format":"standard","meta":{"footnotes":""},"categories":[3],"tags":[],"class_list":{"0":"post-12624","1":"post","2":"type-post","3":"status-publish","4":"format-standard","5":"has-post-thumbnail","7":"category-noticias"},"_links":{"self":[{"href":"https:\/\/sertsc.org.br\/site\/wp-json\/wp\/v2\/posts\/12624","targetHints":{"allow":["GET"]}}],"collection":[{"href":"https:\/\/sertsc.org.br\/site\/wp-json\/wp\/v2\/posts"}],"about":[{"href":"https:\/\/sertsc.org.br\/site\/wp-json\/wp\/v2\/types\/post"}],"author":[{"embeddable":true,"href":"https:\/\/sertsc.org.br\/site\/wp-json\/wp\/v2\/users\/1"}],"replies":[{"embeddable":true,"href":"https:\/\/sertsc.org.br\/site\/wp-json\/wp\/v2\/comments?post=12624"}],"version-history":[{"count":0,"href":"https:\/\/sertsc.org.br\/site\/wp-json\/wp\/v2\/posts\/12624\/revisions"}],"wp:featuredmedia":[{"embeddable":true,"href":"https:\/\/sertsc.org.br\/site\/wp-json\/"}],"wp:attachment":[{"href":"https:\/\/sertsc.org.br\/site\/wp-json\/wp\/v2\/media?parent=12624"}],"wp:term":[{"taxonomy":"category","embeddable":true,"href":"https:\/\/sertsc.org.br\/site\/wp-json\/wp\/v2\/categories?post=12624"},{"taxonomy":"post_tag","embeddable":true,"href":"https:\/\/sertsc.org.br\/site\/wp-json\/wp\/v2\/tags?post=12624"}],"curies":[{"name":"wp","href":"https:\/\/api.w.org\/{rel}","templated":true}]}}