{"id":12615,"date":"2020-05-25T14:40:38","date_gmt":"2020-05-25T17:40:38","guid":{"rendered":"http:\/\/www.sertsc.org.br\/site\/?p=12615"},"modified":"2020-05-25T14:40:38","modified_gmt":"2020-05-25T17:40:38","slug":"direitos-autorais","status":"publish","type":"post","link":"https:\/\/sertsc.org.br\/site\/direitos-autorais\/","title":{"rendered":"DIREITOS AUTORAIS"},"content":{"rendered":"<p style=\"text-align: justify;\"><strong>FOTOGRAFIAS &#8211; CONTE\u00daDO JORNALISTICO<\/strong><\/p>\n<p style=\"text-align: justify;\">Recebemos informa\u00e7\u00f5es que tramitam nas Comarcas de Santa Catarina algumas a\u00e7\u00f5es judiciais que buscam a <strong><u>repara\u00e7\u00e3o de dano material<\/u><\/strong> motivado pelo uso indevido de material fotogr\u00e1fico sem autoriza\u00e7\u00e3o do fot\u00f3grafo e sem o pagamento do direito autoral.<\/p>\n<p style=\"text-align: justify;\">Alertamos que fotografia e conte\u00fado jornal\u00edstico possuem direitos autorias, previsto em legisla\u00e7\u00e3o pr\u00f3pria, n\u00e3o sendo suficiente a divulga\u00e7\u00e3o da fonte para garantir a isen\u00e7\u00e3o do pagamento do direito autoral quando da publica\u00e7\u00e3o ou postagem na <strong>integra ou partes<\/strong> nos sites das emissoras.<\/p>\n<p style=\"text-align: justify;\">O judici\u00e1rio considera que a empresa que publica fotografia ou utiliza conte\u00fado jornal\u00edstico em seu site o faz com objetivo comercial, visa lucro, portanto deve observar a aplica\u00e7\u00e3o da lei de direito autoral.<\/p>\n<p style=\"text-align: justify;\">A utiliza\u00e7\u00e3o de fotografia ou conte\u00fado jornal\u00edstico em sites necessita da autoriza\u00e7\u00e3o do profissional que produziu a fotografia e que elaborou\u00a0 o conte\u00fado.<\/p>\n<p style=\"text-align: justify;\">Cabe alertar que n\u00e3o \u00e9 porque a fotografia est\u00e1 na internet que ela n\u00e3o possui dono, a regra tamb\u00e9m se aplica ao conte\u00fado jornal\u00edstico.<\/p>\n<p style=\"text-align: justify;\">Marcos Ant\u00f4nio Silveira \u2013 Consultor Jur\u00eddico do SERT\/SC<\/p>\n<p style=\"text-align: justify;\">Maio\/2020<\/p>\n","protected":false},"excerpt":{"rendered":"<p>FOTOGRAFIAS &#8211; CONTE\u00daDO JORNALISTICO Recebemos informa\u00e7\u00f5es que tramitam nas Comarcas&hellip;<\/p>\n<p> <a class=\"more-link\" href=\"https:\/\/sertsc.org.br\/site\/direitos-autorais\/\">Leia mais<\/a><\/p>\n","protected":false},"author":1,"featured_media":12617,"comment_status":"closed","ping_status":"open","sticky":false,"template":"","format":"standard","meta":{"footnotes":""},"categories":[3],"tags":[],"class_list":{"0":"post-12615","1":"post","2":"type-post","3":"status-publish","4":"format-standard","5":"has-post-thumbnail","7":"category-noticias"},"_links":{"self":[{"href":"https:\/\/sertsc.org.br\/site\/wp-json\/wp\/v2\/posts\/12615","targetHints":{"allow":["GET"]}}],"collection":[{"href":"https:\/\/sertsc.org.br\/site\/wp-json\/wp\/v2\/posts"}],"about":[{"href":"https:\/\/sertsc.org.br\/site\/wp-json\/wp\/v2\/types\/post"}],"author":[{"embeddable":true,"href":"https:\/\/sertsc.org.br\/site\/wp-json\/wp\/v2\/users\/1"}],"replies":[{"embeddable":true,"href":"https:\/\/sertsc.org.br\/site\/wp-json\/wp\/v2\/comments?post=12615"}],"version-history":[{"count":0,"href":"https:\/\/sertsc.org.br\/site\/wp-json\/wp\/v2\/posts\/12615\/revisions"}],"wp:featuredmedia":[{"embeddable":true,"href":"https:\/\/sertsc.org.br\/site\/wp-json\/"}],"wp:attachment":[{"href":"https:\/\/sertsc.org.br\/site\/wp-json\/wp\/v2\/media?parent=12615"}],"wp:term":[{"taxonomy":"category","embeddable":true,"href":"https:\/\/sertsc.org.br\/site\/wp-json\/wp\/v2\/categories?post=12615"},{"taxonomy":"post_tag","embeddable":true,"href":"https:\/\/sertsc.org.br\/site\/wp-json\/wp\/v2\/tags?post=12615"}],"curies":[{"name":"wp","href":"https:\/\/api.w.org\/{rel}","templated":true}]}}