{"id":12610,"date":"2020-05-23T11:56:49","date_gmt":"2020-05-23T14:56:49","guid":{"rendered":"http:\/\/www.sertsc.org.br\/site\/?p=12610"},"modified":"2020-05-23T11:56:49","modified_gmt":"2020-05-23T14:56:49","slug":"sertsc-entrega-carta-de-revindicacoes-ao-governador-de-santa-catarina","status":"publish","type":"post","link":"https:\/\/sertsc.org.br\/site\/sertsc-entrega-carta-de-revindicacoes-ao-governador-de-santa-catarina\/","title":{"rendered":"SERT\/SC entrega carta de revindica\u00e7\u00f5es ao governador de Santa Catarina"},"content":{"rendered":"<p style=\"text-align: justify;\">A presidente do SERT\/SC, Ana Paula Melo, juntamente com representantes da ACAERT, da ADI e da ADJORI, foi recebida hoje (22\/5) na Casa d&#8217;Agron\u00f4mica pelo governador do estado, Carlos Mois\u00e9s.<\/p>\n<p style=\"text-align: justify;\">No encontro, Ana Paula Melo entregou ao governador uma carta do SERT\/SC com reivindica\u00e7\u00f5es importantes para que a radiodifus\u00e3o supere a crise provocada pela pandemia do novo coronav\u00edrus. Esses pedidos foram formulados a partir de pesquisas feitas pelo sindicato junto aos seus filiados.<\/p>\n<p style=\"text-align: justify;\">Foram tr\u00eas as revindica\u00e7\u00f5es feitas pelo SERT\/SC: (1) abertura de uma linha de cr\u00e9dito especial para as empresas de radiodifus\u00e3o de Santa Catarina; (2) patroc\u00ednio \u00e0 Universidade Corporativa SERT\/SC, que, h\u00e1 dois anos, realiza cursos a dist\u00e2ncia (on-line) gratuitos nas \u00e1reas de r\u00e1dio e TV, tendo formado mais de 1,3 mil alunos; (3) refor\u00e7o do investimento, por parte do governo do estado, na compra de publicidade institucional, conforme j\u00e1 \u00e9 feito, por exemplo, em Portugal.<\/p>\n<p style=\"text-align: justify;\">&#8220;Minha carta expressa a posi\u00e7\u00e3o do SERT\/SC e dos seus filiados. O governador mostrou-se sens\u00edvel \u00e0s nossas reivindica\u00e7\u00f5es&#8221;, disse Ana Paula Melo. &#8220;Aproveitamos este canal aberto com o governo do estado para expor a situa\u00e7\u00e3o do nosso setor e buscar caminhos no sentido de fortalecermos as emissoras, que prestam um servi\u00e7o fundamental aos catarinenses&#8221;, completou.<\/p>\n","protected":false},"excerpt":{"rendered":"<p>A presidente do SERT\/SC, Ana Paula Melo, juntamente com representantes&hellip;<\/p>\n<p> <a class=\"more-link\" href=\"https:\/\/sertsc.org.br\/site\/sertsc-entrega-carta-de-revindicacoes-ao-governador-de-santa-catarina\/\">Leia mais<\/a><\/p>\n","protected":false},"author":1,"featured_media":12611,"comment_status":"closed","ping_status":"open","sticky":false,"template":"","format":"standard","meta":{"footnotes":""},"categories":[33],"tags":[],"class_list":{"0":"post-12610","1":"post","2":"type-post","3":"status-publish","4":"format-standard","5":"has-post-thumbnail","7":"category-destaques"},"_links":{"self":[{"href":"https:\/\/sertsc.org.br\/site\/wp-json\/wp\/v2\/posts\/12610","targetHints":{"allow":["GET"]}}],"collection":[{"href":"https:\/\/sertsc.org.br\/site\/wp-json\/wp\/v2\/posts"}],"about":[{"href":"https:\/\/sertsc.org.br\/site\/wp-json\/wp\/v2\/types\/post"}],"author":[{"embeddable":true,"href":"https:\/\/sertsc.org.br\/site\/wp-json\/wp\/v2\/users\/1"}],"replies":[{"embeddable":true,"href":"https:\/\/sertsc.org.br\/site\/wp-json\/wp\/v2\/comments?post=12610"}],"version-history":[{"count":0,"href":"https:\/\/sertsc.org.br\/site\/wp-json\/wp\/v2\/posts\/12610\/revisions"}],"wp:featuredmedia":[{"embeddable":true,"href":"https:\/\/sertsc.org.br\/site\/wp-json\/"}],"wp:attachment":[{"href":"https:\/\/sertsc.org.br\/site\/wp-json\/wp\/v2\/media?parent=12610"}],"wp:term":[{"taxonomy":"category","embeddable":true,"href":"https:\/\/sertsc.org.br\/site\/wp-json\/wp\/v2\/categories?post=12610"},{"taxonomy":"post_tag","embeddable":true,"href":"https:\/\/sertsc.org.br\/site\/wp-json\/wp\/v2\/tags?post=12610"}],"curies":[{"name":"wp","href":"https:\/\/api.w.org\/{rel}","templated":true}]}}