{"id":12601,"date":"2020-05-21T09:10:52","date_gmt":"2020-05-21T12:10:52","guid":{"rendered":"http:\/\/www.sertsc.org.br\/site\/?p=12601"},"modified":"2020-05-21T09:10:52","modified_gmt":"2020-05-21T12:10:52","slug":"coronavirus-pesquisa-aponta-crescimento-de-ate-40-no-consumo-de-radio-nos-estados-unidos-avanco-e-maior-entre-os-mais-jovens","status":"publish","type":"post","link":"https:\/\/sertsc.org.br\/site\/coronavirus-pesquisa-aponta-crescimento-de-ate-40-no-consumo-de-radio-nos-estados-unidos-avanco-e-maior-entre-os-mais-jovens\/","title":{"rendered":"Coronav\u00edrus: Pesquisa aponta crescimento de at\u00e9 40% no consumo de r\u00e1dio nos Estados Unidos. Avan\u00e7o \u00e9 maior entre os mais jovens"},"content":{"rendered":"<p style=\"text-align: justify;\">Uma pesquisa realizada pela Havas Media, ocorrida entre 31 de mar\u00e7o e 6 de abril deste ano, tentou mapear o consumo de m\u00eddia nos Estados Unidos durante a pandemia do novo coronav\u00edrus. E, assim como j\u00e1 visto em outros levantamentos, o consumo de r\u00e1dio cresceu com a crise da covid-19. E esse avan\u00e7o foi mais forte no p\u00fablico entre 24 e 35 anos, conhecidos como millennials (ou gera\u00e7\u00e3o Y).<\/p>\n<p style=\"text-align: justify;\">Em sua apresenta\u00e7\u00e3o, a Havas Media destaca que &#8220;audi\u00eancias mais jovens est\u00e3o revistando as m\u00eddias tradicionais&#8221;. A afirma\u00e7\u00e3o \u00e9 baseada na porcentagem de acr\u00e9scimo \u00e0 audi\u00eancia j\u00e1 existente de cada meio, com recorte em faixas et\u00e1rias.<\/p>\n<p style=\"text-align: justify;\">Os n\u00fameros do r\u00e1dio: segundo a Havas Media, houve um crescimento de 34% no consumo de r\u00e1dio entre o p\u00fablico de 25 a 34 anos, sendo o maior avan\u00e7o percentual entre todas as faixas et\u00e1rias.<\/p>\n<p style=\"text-align: justify;\">Entre o p\u00fablico de 35 e 44 anos, o avan\u00e7o foi de 36%, seguido de 33% entre os mais jovens (18 a 24 anos).<\/p>\n<p style=\"text-align: justify;\">J\u00e1 na faixa et\u00e1ria entre 45 e 54 anos o avan\u00e7o foi de 27%, seguido de 23% para o p\u00fablico com idade entre 55 e 64 anos e 22% para aqueles com 65 anos ou mais.<\/p>\n<p style=\"text-align: justify;\">O r\u00e1dio AM\/FM, segundo o estudo da Havas Media, teve um avan\u00e7o de consumo de 31% no geral. Detalhe para o r\u00e1dio via-sat\u00e9lite (como o SiriusXM), que avan\u00e7ou 33% em consumo durante a pandemia.<\/p>\n<p style=\"text-align: justify;\"><img fetchpriority=\"high\" decoding=\"async\" class=\"aligncenter size-full wp-image-12602\" src=\"http:\/\/www.sertsc.org.br\/site\/wp-content\/uploads\/2020\/05\/5e788ec1e64bb.png\" alt=\"5e788ec1e64bb\" width=\"500\" height=\"489\" \/><\/p>\n<p style=\"text-align: justify;\">\n<p style=\"text-align: justify;\"><strong>Meio em alta<\/strong><\/p>\n<p style=\"text-align: justify;\">Outras pesquisas tamb\u00e9m detalharam\u00a0<strong><a href=\"https:\/\/tudoradio.com\/noticias\/ver\/23498-painel-do-nab-show-express-mostra-forca-do-radio-fora-de-casa-mesmo-com-a-covid-19-e-a-fidelidade-dos-ouvintes-aos-seus-formatos-preferidos\">o comportamento da audi\u00eancia, como a fidelidade dos ouvintes \u00e0s suas esta\u00e7\u00f5es e formatos, o consumo entre os trabalhadores que est\u00e3o na linha de frente da crise da covid-19 e o peso comercial<\/a><\/strong>\u00a0que o meio tem para anunciantes neste momento.<\/p>\n<p style=\"text-align: justify;\">Vale lembrar que o meio r\u00e1dio j\u00e1 contava com um alcance normal de 92% na popula\u00e7\u00e3o norte-americana (e que reteve 96% desse alcance durante a pandemia, segundo a Nielsen).<\/p>\n<p style=\"text-align: justify;\"><strong>A pesquisa<\/strong><\/p>\n<p style=\"text-align: justify;\">O levantamento da Havas Media, chamado de Meaningful Media, contou com mais de 800 participantes nos Estados Unidos, com question\u00e1rios virtuais. Tamb\u00e9m concentrou informa\u00e7\u00f5es de profissionais de m\u00eddia e outros ve\u00edculos, como The Guardian, Vice, Refinery29, Meredith Media Group, Bustle Digital Group, Goop, Vox, Conde Nast Buzzfeed, Group Nine e Dotdash.<\/p>\n<p>&nbsp;<\/p>\n<p>Fonte: Tudor\u00e1dio<\/p>\n","protected":false},"excerpt":{"rendered":"<p>Uma pesquisa realizada pela Havas Media, ocorrida entre 31 de&hellip;<\/p>\n<p> <a class=\"more-link\" href=\"https:\/\/sertsc.org.br\/site\/coronavirus-pesquisa-aponta-crescimento-de-ate-40-no-consumo-de-radio-nos-estados-unidos-avanco-e-maior-entre-os-mais-jovens\/\">Leia mais<\/a><\/p>\n","protected":false},"author":1,"featured_media":11872,"comment_status":"closed","ping_status":"open","sticky":false,"template":"","format":"standard","meta":{"footnotes":""},"categories":[3],"tags":[],"class_list":{"0":"post-12601","1":"post","2":"type-post","3":"status-publish","4":"format-standard","5":"has-post-thumbnail","7":"category-noticias"},"_links":{"self":[{"href":"https:\/\/sertsc.org.br\/site\/wp-json\/wp\/v2\/posts\/12601","targetHints":{"allow":["GET"]}}],"collection":[{"href":"https:\/\/sertsc.org.br\/site\/wp-json\/wp\/v2\/posts"}],"about":[{"href":"https:\/\/sertsc.org.br\/site\/wp-json\/wp\/v2\/types\/post"}],"author":[{"embeddable":true,"href":"https:\/\/sertsc.org.br\/site\/wp-json\/wp\/v2\/users\/1"}],"replies":[{"embeddable":true,"href":"https:\/\/sertsc.org.br\/site\/wp-json\/wp\/v2\/comments?post=12601"}],"version-history":[{"count":0,"href":"https:\/\/sertsc.org.br\/site\/wp-json\/wp\/v2\/posts\/12601\/revisions"}],"wp:featuredmedia":[{"embeddable":true,"href":"https:\/\/sertsc.org.br\/site\/wp-json\/"}],"wp:attachment":[{"href":"https:\/\/sertsc.org.br\/site\/wp-json\/wp\/v2\/media?parent=12601"}],"wp:term":[{"taxonomy":"category","embeddable":true,"href":"https:\/\/sertsc.org.br\/site\/wp-json\/wp\/v2\/categories?post=12601"},{"taxonomy":"post_tag","embeddable":true,"href":"https:\/\/sertsc.org.br\/site\/wp-json\/wp\/v2\/tags?post=12601"}],"curies":[{"name":"wp","href":"https:\/\/api.w.org\/{rel}","templated":true}]}}