{"id":12582,"date":"2020-05-18T10:19:09","date_gmt":"2020-05-18T13:19:09","guid":{"rendered":"http:\/\/www.sertsc.org.br\/site\/?p=12582"},"modified":"2020-05-18T10:19:09","modified_gmt":"2020-05-18T13:19:09","slug":"camara-mantem-adiamento-de-penalidades-da-lgpd","status":"publish","type":"post","link":"https:\/\/sertsc.org.br\/site\/camara-mantem-adiamento-de-penalidades-da-lgpd\/","title":{"rendered":"C\u00e2mara mant\u00e9m adiamento de penalidades da LGPD"},"content":{"rendered":"<p class=\"selectionShareable\" style=\"text-align: justify;\"><span class=\"bigText\">A\u00a0<\/span>C\u00e2mara dos Deputados manteve o adiamento da aplica\u00e7\u00e3o das penalidades pelo descumprimento da Lei Geral de Prote\u00e7\u00e3o de Dados para 1\u00ba de agosto de 2021, no entanto, retirou do Projeto de Lei 1179\/20 o adiamento da maior parte da LGPD. A legisla\u00e7\u00e3o estava prevista para entrar em vigor em agosto deste ano.<\/p>\n<p class=\"selectionShareable\" style=\"text-align: justify;\">As decis\u00f5es fazem parte do substitutivo do Projeto de Lei 1179\/20 apresentado pelo deputado Enrico Misasi (PV-SP) e aprovado pelo Plen\u00e1rio da C\u00e2mara dos Deputados em sess\u00e3o na quinta-feira, 14. O PL cria regras transit\u00f3rias para as rela\u00e7\u00f5es jur\u00eddicas privadas durante a pandemia de Covid-19, como contratos, direito de fam\u00edlia, rela\u00e7\u00f5es de consumo e entre cond\u00f4minos. Em fun\u00e7\u00e3o das mudan\u00e7as, a mat\u00e9ria retorna ao Senado.<\/p>\n<p class=\"selectionShareable\" style=\"text-align: justify;\">Pelo texto do substitutivo, apenas a aplica\u00e7\u00e3o das penalidades pelo descumprimento da lei ficar\u00e1 suspensa (ocorrer\u00e1 a partir de 1\u00ba de agosto de 2021). O projeto original do Senado tamb\u00e9m adiava a vig\u00eancia dos demais artigos de agosto de 2020 para 1\u00ba de janeiro de 2021, mas a proposta foi rejeitada pelo relator.\u00a0No entanto, a Medida Provis\u00f3ria 959\/20 adia a vig\u00eancia de todos os artigos da LGPD para 3 de maio de 2021. J\u00e1 que a MP tem for\u00e7a de lei enquanto vigora, por enquanto esta \u00e9 a data v\u00e1lida. O Congresso ainda precisa analisar a MP.<\/p>\n<p class=\"selectionShareable\" style=\"text-align: justify;\">Em abril, 13 entidades da ind\u00fastria da comunica\u00e7\u00e3o\u00a0<a href=\"https:\/\/www.meioemensagem.com.br\/home\/midia\/2020\/04\/06\/entidades-pedem-que-lgpd-entre-fique-para-2021.html\" target=\"_blank\" rel=\"noopener noreferrer\">formaram uma coaliza\u00e7\u00e3o<\/a>\u00a0para solicitar o adiamento da entrada em vigor da Lei Geral de Prote\u00e7\u00e3o de Dados (LGPD). Fazem parte da coaliz\u00e3o a Associa\u00e7\u00e3o Brasileira de Marketing de Dados (Abemd); Associa\u00e7\u00e3o Brasileira de Agentes Digitais (ABRADI); Associa\u00e7\u00e3o Brasileira das Rela\u00e7\u00f5es Empresa Cliente (Abrarec); Associa\u00e7\u00e3o Brasileira de Ag\u00eancias de Publicidade (Abap); Associa\u00e7\u00e3o Brasileira de Empresas de Pesquisas (Abep); Associa\u00e7\u00e3o Brasileira de Emissoras de R\u00e1dio e Televis\u00e3o (Abert); Associa\u00e7\u00e3o Brasileira das Ag\u00eancias de Comunica\u00e7\u00e3o (Abracom); Associa\u00e7\u00e3o de Marketing Promocional (Ampro); Associa\u00e7\u00e3o Nacional de Editores de Revistas (Aner); Associa\u00e7\u00e3o Nacional de Jornais (ANJ); Associa\u00e7\u00e3o dos Profissionais de Propaganda (APP-Brasil); Confedera\u00e7\u00e3o Nacional da Comunica\u00e7\u00e3o Social (Cncom) e Federa\u00e7\u00e3o Nacional das Ag\u00eancias de Propaganda (Fenapro).<\/p>\n<p class=\"selectionShareable\" style=\"text-align: justify;\">\n<p class=\"selectionShareable\" style=\"text-align: justify;\">Fonte: Meio&amp;Mensagem<\/p>\n","protected":false},"excerpt":{"rendered":"<p>A\u00a0C\u00e2mara dos Deputados manteve o adiamento da aplica\u00e7\u00e3o das penalidades&hellip;<\/p>\n<p> <a class=\"more-link\" href=\"https:\/\/sertsc.org.br\/site\/camara-mantem-adiamento-de-penalidades-da-lgpd\/\">Leia mais<\/a><\/p>\n","protected":false},"author":1,"featured_media":12583,"comment_status":"closed","ping_status":"open","sticky":false,"template":"","format":"standard","meta":{"footnotes":""},"categories":[3],"tags":[],"class_list":{"0":"post-12582","1":"post","2":"type-post","3":"status-publish","4":"format-standard","5":"has-post-thumbnail","7":"category-noticias"},"_links":{"self":[{"href":"https:\/\/sertsc.org.br\/site\/wp-json\/wp\/v2\/posts\/12582","targetHints":{"allow":["GET"]}}],"collection":[{"href":"https:\/\/sertsc.org.br\/site\/wp-json\/wp\/v2\/posts"}],"about":[{"href":"https:\/\/sertsc.org.br\/site\/wp-json\/wp\/v2\/types\/post"}],"author":[{"embeddable":true,"href":"https:\/\/sertsc.org.br\/site\/wp-json\/wp\/v2\/users\/1"}],"replies":[{"embeddable":true,"href":"https:\/\/sertsc.org.br\/site\/wp-json\/wp\/v2\/comments?post=12582"}],"version-history":[{"count":0,"href":"https:\/\/sertsc.org.br\/site\/wp-json\/wp\/v2\/posts\/12582\/revisions"}],"wp:featuredmedia":[{"embeddable":true,"href":"https:\/\/sertsc.org.br\/site\/wp-json\/"}],"wp:attachment":[{"href":"https:\/\/sertsc.org.br\/site\/wp-json\/wp\/v2\/media?parent=12582"}],"wp:term":[{"taxonomy":"category","embeddable":true,"href":"https:\/\/sertsc.org.br\/site\/wp-json\/wp\/v2\/categories?post=12582"},{"taxonomy":"post_tag","embeddable":true,"href":"https:\/\/sertsc.org.br\/site\/wp-json\/wp\/v2\/tags?post=12582"}],"curies":[{"name":"wp","href":"https:\/\/api.w.org\/{rel}","templated":true}]}}