{"id":12579,"date":"2020-05-15T09:53:18","date_gmt":"2020-05-15T12:53:18","guid":{"rendered":"http:\/\/www.sertsc.org.br\/site\/?p=12579"},"modified":"2020-05-15T09:53:18","modified_gmt":"2020-05-15T12:53:18","slug":"camara-aprova-adiamento-das-sancoes-da-lgpd-para-agosto-de-2021","status":"publish","type":"post","link":"https:\/\/sertsc.org.br\/site\/camara-aprova-adiamento-das-sancoes-da-lgpd-para-agosto-de-2021\/","title":{"rendered":"C\u00e2mara aprova adiamento das san\u00e7\u00f5es da LGPD para agosto de 2021"},"content":{"rendered":"<p style=\"text-align: justify;\">A C\u00e2mara dos Deputados aprovou nesta quinta-feira, 14, o\u00a0<a href=\"https:\/\/www.camara.leg.br\/proposicoesWeb\/prop_pareceres_substitutivos_votos;jsessionid=D4B3DD5349C71A682D15DDE52E2AFEFD.proposicoesWebExterno2?idProposicao=2247564\" rel=\"nofollow external noopener noreferrer\" data-wpel-link=\"external\">substitutivo do PL 1.179\/2020<\/a>, elaborado pelo deputado Enrico Misasi (PV-SP), prorrogando a aplica\u00e7\u00e3o das san\u00e7\u00f5es previstas na\u00a0<a href=\"http:\/\/www.planalto.gov.br\/ccivil_03\/_ato2015-2018\/2018\/lei\/L13709.htm\" rel=\"nofollow external noopener noreferrer\" data-wpel-link=\"external\">Lei 13.709\/2018 (Lei Geral de Prote\u00e7\u00e3o de Dados \u2013 LGPD)<\/a>\u00a0para agosto de 2021. J\u00e1 para o in\u00edcio da vig\u00eancia dos demais dispositivos, o substitutivo de Misasi suprimiu a proposta original do Senado, que previa a data de 1\u00ba de janeiro de 2021. O texto agora volta para o Senado.<\/p>\n<p>O parlamentar entendeu que o debate sobre estes dispositivos suprimidos ser\u00e1 feito no momento da aprecia\u00e7\u00e3o da\u00a0<a href=\"http:\/\/www.in.gov.br\/web\/dou\/-\/medida-provisoria-n-959-de-29-de-abril-de-2020-254499639\" rel=\"nofollow external noopener noreferrer\" data-wpel-link=\"external\">MP 959\/2020 pelo Congresso<\/a>, que adiou o in\u00edcio da vig\u00eancia da LGPD para maio de 2021, prazo j\u00e1 vigente. A proposta original aprovada no Senado \u00e9 de autoria do senador Antonio Anastasia (PSD-MG).<\/p>\n<p style=\"text-align: justify;\">Segundo Enrico Misasi, a posterga\u00e7\u00e3o da LGPD \u00e9 objeto da recente\u00a0<a href=\"https:\/\/teletime.com.br\/29\/04\/2020\/lgpd-fica-adiada-para-maio-de-2021-autoridade-de-dados-precisa-ser-instalada-ate-agosto\/\" rel=\"follow\" data-wpel-link=\"internal\">MP 959\/2020, publicada pelo presidente Jair Bolsonaro<\/a>\u00a0e a supress\u00e3o dos demais dispositivos que tratavam da vig\u00eancia da legisla\u00e7\u00e3o de dados do texto de Anastasia, mantendo a prorroga\u00e7\u00e3o da aplica\u00e7\u00e3o das san\u00e7\u00f5es para agosto de 2021, foi uma medida para evitar a sobreposi\u00e7\u00e3o de comandos normativos sobre o tema. Al\u00e9m disso, o parlamentar entendeu que no atual momento as empresas est\u00e3o passando por dificuldades financeiras, o que as impedem de realizar investimentos necess\u00e1rios para as adapta\u00e7\u00f5es exigidas pela Lei.<\/p>\n<p style=\"text-align: justify;\">&#8220;Propomos, assim, que os dispositivos relativos \u00e0s san\u00e7\u00f5es (arts. 52 a 54) [da LGPD] entrem em vigor em agosto de 2021, consoante a proposta do Senado Federal. Quanto \u00e0 vig\u00eancia dos demais dispositivos, conv\u00e9m que o debate se realize por ocasi\u00e3o da aprecia\u00e7\u00e3o da MP 959\/2020, de modo que o dispositivo correspondente foi suprimido do referido PL&#8221;, justifica o parlamentar no seu substitutivo votado nesta quinta-feira.<\/p>\n<p style=\"text-align: justify;\"><strong>A MP 959\/2020<\/strong><\/p>\n<p style=\"text-align: justify;\">Publicada pelo governo federal no \u00faltimo dia 29 de abril, a\u00a0<a href=\"http:\/\/www.in.gov.br\/web\/dou\/-\/medida-provisoria-n-959-de-29-de-abril-de-2020-254499639\" rel=\"nofollow external noopener noreferrer\" data-wpel-link=\"external\">Medida Provis\u00f3ria (MP) 959\/2020<\/a>\u00a0prorroga a entrada em vigor da\u00a0<a href=\"http:\/\/www.planalto.gov.br\/ccivil_03\/_ato2015-2018\/2018\/lei\/L13709.htm\" rel=\"nofollow external noopener noreferrer\" data-wpel-link=\"external\">Lei Geral de Prote\u00e7\u00e3o de Dados (LGPD)<\/a>\u00a0para 3 de maio de 2021. O texto n\u00e3o faz refer\u00eancia \u00e0 cria\u00e7\u00e3o da Autoridade Nacional de Prote\u00e7\u00e3o de Dados Pessoais (ANPD) e do Conselho Nacional de Prote\u00e7\u00e3o de Dados Pessoais e da Privacidade (CNPDPP), que precisam ser criados antes do prazo de entrada em vigor.<\/p>\n<p style=\"text-align: justify;\">O prazo de vig\u00eancia da Medida Provis\u00f3ria 959\/2020, que tem efic\u00e1cia a partir da data da sua publica\u00e7\u00e3o no DOU, pode durar at\u00e9 120 dias se n\u00e3o for convertida em lei. Neste caso, a MP pode caducar no final do m\u00eas de agosto, per\u00edodo em que a Lei Geral de Prote\u00e7\u00e3o de Dados, aprovada em 2018, est\u00e1 prevista originalmente para entrar em vigor.<\/p>\n<p style=\"text-align: justify;\">Fonte: Teletime<\/p>\n","protected":false},"excerpt":{"rendered":"<p>A C\u00e2mara dos Deputados aprovou nesta quinta-feira, 14, o\u00a0substitutivo do&hellip;<\/p>\n<p> <a class=\"more-link\" href=\"https:\/\/sertsc.org.br\/site\/camara-aprova-adiamento-das-sancoes-da-lgpd-para-agosto-de-2021\/\">Leia mais<\/a><\/p>\n","protected":false},"author":1,"featured_media":12580,"comment_status":"closed","ping_status":"open","sticky":false,"template":"","format":"standard","meta":{"footnotes":""},"categories":[3],"tags":[],"class_list":{"0":"post-12579","1":"post","2":"type-post","3":"status-publish","4":"format-standard","5":"has-post-thumbnail","7":"category-noticias"},"_links":{"self":[{"href":"https:\/\/sertsc.org.br\/site\/wp-json\/wp\/v2\/posts\/12579","targetHints":{"allow":["GET"]}}],"collection":[{"href":"https:\/\/sertsc.org.br\/site\/wp-json\/wp\/v2\/posts"}],"about":[{"href":"https:\/\/sertsc.org.br\/site\/wp-json\/wp\/v2\/types\/post"}],"author":[{"embeddable":true,"href":"https:\/\/sertsc.org.br\/site\/wp-json\/wp\/v2\/users\/1"}],"replies":[{"embeddable":true,"href":"https:\/\/sertsc.org.br\/site\/wp-json\/wp\/v2\/comments?post=12579"}],"version-history":[{"count":0,"href":"https:\/\/sertsc.org.br\/site\/wp-json\/wp\/v2\/posts\/12579\/revisions"}],"wp:featuredmedia":[{"embeddable":true,"href":"https:\/\/sertsc.org.br\/site\/wp-json\/"}],"wp:attachment":[{"href":"https:\/\/sertsc.org.br\/site\/wp-json\/wp\/v2\/media?parent=12579"}],"wp:term":[{"taxonomy":"category","embeddable":true,"href":"https:\/\/sertsc.org.br\/site\/wp-json\/wp\/v2\/categories?post=12579"},{"taxonomy":"post_tag","embeddable":true,"href":"https:\/\/sertsc.org.br\/site\/wp-json\/wp\/v2\/tags?post=12579"}],"curies":[{"name":"wp","href":"https:\/\/api.w.org\/{rel}","templated":true}]}}