{"id":12572,"date":"2020-05-15T09:11:32","date_gmt":"2020-05-15T12:11:32","guid":{"rendered":"http:\/\/www.sertsc.org.br\/site\/?p=12572"},"modified":"2020-05-15T09:11:32","modified_gmt":"2020-05-15T12:11:32","slug":"aumenta-parcela-de-ouvintes-que-mantem-ou-ampliaram-o-consumo-de-radio-durante-pandemia-do-coronavirus","status":"publish","type":"post","link":"https:\/\/sertsc.org.br\/site\/aumenta-parcela-de-ouvintes-que-mantem-ou-ampliaram-o-consumo-de-radio-durante-pandemia-do-coronavirus\/","title":{"rendered":"Aumenta parcela de ouvintes que mant\u00eam ou ampliaram o consumo de r\u00e1dio durante a pandemia do coronav\u00edrus"},"content":{"rendered":"<p style=\"text-align: justify;\">O Kantar Ibope divulgou uma nova atualiza\u00e7\u00e3o do estudo Covid-19: Impactos no consumo de m\u00eddia. O levantamento desta semana mostrou que a parcela de pessoas que est\u00e3o consumindo e devem manter o consumo de R\u00e1dio aumentou para 74%.<strong><a href=\"https:\/\/tudoradio.com\/noticias\/ver\/23377-o-radio-hoje-com-meio-em-alta-kantar-ibope-media-detalha-por-regiao-o-comportamento-da-audiencia-de-radio-durante-a-pandemia-do-coronavirus\">\u00a0Na pesquisa anterior, divulgada na semana passada<\/a><\/strong>, o \u00edndice era de 71%. O tempo m\u00e9dio em que as pessoas ficam sintonizadas no R\u00e1dio tamb\u00e9m deve apontar crescimento em maio. O estudo compara os dados entre os per\u00edodos de 11 e 12 de maio a 4 e 5 do mesmo m\u00eas.<\/p>\n<p style=\"text-align: justify;\">De acordo com as informa\u00e7\u00f5es do Kantar Ibope Media, mesmo com a mudan\u00e7a de rotina em virtude do isolamento social devido ao coronav\u00edrus, os ouvintes mantiveram o consumo do meio R\u00e1dio com a mesma intensidade. Em alguns momentos, a intensidade \u00e9 at\u00e9 maior do que o per\u00edodo pr\u00e9-isolamento. Com isso, a m\u00e9dia subiu para 74%.<\/p>\n<p style=\"text-align: justify;\">Segundo o instituto, medidas dr\u00e1sticas (conhecidas tamb\u00e9m como lockdown) adotadas em capitais como Bel\u00e9m e Fortaleza e algumas cidades da Regi\u00e3o Metropolitana do Rio de Janeiro aparentaram n\u00e3o ter tido efeito na pesquisa, que tamb\u00e9m contempla essas cidades. Por\u00e9m, como os resultados s\u00e3o recentes, o Kantar Ibope Media prev\u00ea que o impacto dessas medidas deve ser sentido nos pr\u00f3ximos resultados.<\/p>\n<p style=\"text-align: justify;\"><strong>Tempo m\u00e9dio<\/strong><\/p>\n<p style=\"text-align: justify;\">O estudo tamb\u00e9m observou o tempo m\u00e9dio que o ouvinte tem permanecido est\u00e1vel, mesmo com mudan\u00e7as severas na rotina das pessoas se comparado os primeiros meses de 2020. Quando confrontado com o do ano passado, o crescimento \u00e9 significativo.<\/p>\n<p style=\"text-align: justify;\">Em abril de 2019, o tempo m\u00e9dio de 3h49m sintonizados no R\u00e1dio. O mesmo m\u00eas de 2020 registrou o maior \u00edndice, com 4h02m. No resultado de maio, os n\u00fameros parciais j\u00e1 mostram que o tempo sintonizado \u00e9 maior do que todo o m\u00eas de maio do ano passado, quando foi registrado 3h55.<\/p>\n<p style=\"text-align: justify;\">No resultado de maio deste ano, o tempo j\u00e1 atingiu 3h57m. Com essa m\u00e9dia, a tend\u00eancia \u00e9 que os n\u00fameros de maio superem os de abril de 2020.<\/p>\n<p style=\"text-align: justify;\"><img fetchpriority=\"high\" decoding=\"async\" class=\"aligncenter wp-image-12573 size-full\" src=\"http:\/\/www.sertsc.org.br\/site\/wp-content\/uploads\/2020\/05\/5ebe26c2cc95e.jpeg\" alt=\"5ebe26c2cc95e\" width=\"700\" height=\"313\" \/><\/p>\n<p style=\"text-align: justify;\">Fonte: Tudor\u00e1dio<\/p>\n","protected":false},"excerpt":{"rendered":"<p>O Kantar Ibope divulgou uma nova atualiza\u00e7\u00e3o do estudo Covid-19:&hellip;<\/p>\n<p> <a class=\"more-link\" href=\"https:\/\/sertsc.org.br\/site\/aumenta-parcela-de-ouvintes-que-mantem-ou-ampliaram-o-consumo-de-radio-durante-pandemia-do-coronavirus\/\">Leia mais<\/a><\/p>\n","protected":false},"author":1,"featured_media":12575,"comment_status":"closed","ping_status":"open","sticky":false,"template":"","format":"standard","meta":{"footnotes":""},"categories":[3],"tags":[],"class_list":{"0":"post-12572","1":"post","2":"type-post","3":"status-publish","4":"format-standard","5":"has-post-thumbnail","7":"category-noticias"},"_links":{"self":[{"href":"https:\/\/sertsc.org.br\/site\/wp-json\/wp\/v2\/posts\/12572","targetHints":{"allow":["GET"]}}],"collection":[{"href":"https:\/\/sertsc.org.br\/site\/wp-json\/wp\/v2\/posts"}],"about":[{"href":"https:\/\/sertsc.org.br\/site\/wp-json\/wp\/v2\/types\/post"}],"author":[{"embeddable":true,"href":"https:\/\/sertsc.org.br\/site\/wp-json\/wp\/v2\/users\/1"}],"replies":[{"embeddable":true,"href":"https:\/\/sertsc.org.br\/site\/wp-json\/wp\/v2\/comments?post=12572"}],"version-history":[{"count":0,"href":"https:\/\/sertsc.org.br\/site\/wp-json\/wp\/v2\/posts\/12572\/revisions"}],"wp:featuredmedia":[{"embeddable":true,"href":"https:\/\/sertsc.org.br\/site\/wp-json\/"}],"wp:attachment":[{"href":"https:\/\/sertsc.org.br\/site\/wp-json\/wp\/v2\/media?parent=12572"}],"wp:term":[{"taxonomy":"category","embeddable":true,"href":"https:\/\/sertsc.org.br\/site\/wp-json\/wp\/v2\/categories?post=12572"},{"taxonomy":"post_tag","embeddable":true,"href":"https:\/\/sertsc.org.br\/site\/wp-json\/wp\/v2\/tags?post=12572"}],"curies":[{"name":"wp","href":"https:\/\/api.w.org\/{rel}","templated":true}]}}