{"id":12558,"date":"2020-05-14T10:58:28","date_gmt":"2020-05-14T13:58:28","guid":{"rendered":"http:\/\/www.sertsc.org.br\/site\/?p=12558"},"modified":"2020-05-14T10:58:28","modified_gmt":"2020-05-14T13:58:28","slug":"radio-e-o-principal-meio-de-comunicacao-na-africa-em-tempos-de-pandemia","status":"publish","type":"post","link":"https:\/\/sertsc.org.br\/site\/radio-e-o-principal-meio-de-comunicacao-na-africa-em-tempos-de-pandemia\/","title":{"rendered":"R\u00e1dio \u00e9 o principal meio de comunica\u00e7\u00e3o na \u00c1frica em tempos de pandemia"},"content":{"rendered":"<p style=\"text-align: justify;\">O meio R\u00e1dio \u00e9 o principal meio de comunica\u00e7\u00e3o em diversos pa\u00edses do continente africano em meio \u00e0 pandemia do coronav\u00edrus. O meio \u00e9 muito utilizado para a exibi\u00e7\u00e3o de aulas para as crian\u00e7as e tamb\u00e9m para a realiza\u00e7\u00e3o de cultos e missas. Al\u00e9m disso, a presta\u00e7\u00e3o de servi\u00e7os \u00e9 intensa pelas emissoras de r\u00e1dio.<\/p>\n<p style=\"text-align: justify;\">Em todo o continente africano, o R\u00e1dio \u00e9 o principal meio de comunica\u00e7\u00e3o. Segundo levantamento realizado em v\u00e1rios pa\u00edses, \u00e9 uma pequena parcela da popula\u00e7\u00e3o africana que tem acesso \u00e0 internet no celular. Em regi\u00f5es remotas e carentes, os moradores sequer t\u00eam acesso \u00e0 energia el\u00e9trica, tornando os r\u00e1dios alimentados por baterias o principal meio de informa\u00e7\u00e3o.<\/p>\n<p style=\"text-align: justify;\">Mesmo nas regi\u00f5es mais desenvolvidas do territ\u00f3rio africano, mais de 90% dos habitantes d\u00e3o prefer\u00eancia ao R\u00e1dio como meio de comunica\u00e7\u00e3o no dia a dia. Para ajudar o meio a se adaptar aos tempos de reclus\u00e3o, uma institui\u00e7\u00e3o africana religiosa investiu na melhoria da radiodifus\u00e3o em diversos pa\u00edses como Qu\u00eania, Malawi, Mo\u00e7ambique e Uganda, por exemplo.<\/p>\n<p style=\"text-align: justify;\">Segundo as informa\u00e7\u00f5es, 35 projetos de renova\u00e7\u00e3o das emissoras, que envolviam aquisi\u00e7\u00e3o de equipamentos t\u00e9cnicos e desenvolvimento de nova programa\u00e7\u00e3o receberam apoio financeiro. Uma dessas emissoras leva professores at\u00e9 o est\u00fadio para ministrar aulas, acompanhadas por alunos em aparelhos radiof\u00f4nicos doados pela pr\u00f3pria empresa. Tudo para garantir a continuidade do ano letivo.<\/p>\n<p style=\"text-align: justify;\">Fonte: Tudor\u00e1dio<\/p>\n","protected":false},"excerpt":{"rendered":"<p>O meio R\u00e1dio \u00e9 o principal meio de comunica\u00e7\u00e3o em&hellip;<\/p>\n<p> <a class=\"more-link\" href=\"https:\/\/sertsc.org.br\/site\/radio-e-o-principal-meio-de-comunicacao-na-africa-em-tempos-de-pandemia\/\">Leia mais<\/a><\/p>\n","protected":false},"author":1,"featured_media":12559,"comment_status":"closed","ping_status":"open","sticky":false,"template":"","format":"standard","meta":{"footnotes":""},"categories":[3],"tags":[],"class_list":{"0":"post-12558","1":"post","2":"type-post","3":"status-publish","4":"format-standard","5":"has-post-thumbnail","7":"category-noticias"},"_links":{"self":[{"href":"https:\/\/sertsc.org.br\/site\/wp-json\/wp\/v2\/posts\/12558","targetHints":{"allow":["GET"]}}],"collection":[{"href":"https:\/\/sertsc.org.br\/site\/wp-json\/wp\/v2\/posts"}],"about":[{"href":"https:\/\/sertsc.org.br\/site\/wp-json\/wp\/v2\/types\/post"}],"author":[{"embeddable":true,"href":"https:\/\/sertsc.org.br\/site\/wp-json\/wp\/v2\/users\/1"}],"replies":[{"embeddable":true,"href":"https:\/\/sertsc.org.br\/site\/wp-json\/wp\/v2\/comments?post=12558"}],"version-history":[{"count":0,"href":"https:\/\/sertsc.org.br\/site\/wp-json\/wp\/v2\/posts\/12558\/revisions"}],"wp:featuredmedia":[{"embeddable":true,"href":"https:\/\/sertsc.org.br\/site\/wp-json\/"}],"wp:attachment":[{"href":"https:\/\/sertsc.org.br\/site\/wp-json\/wp\/v2\/media?parent=12558"}],"wp:term":[{"taxonomy":"category","embeddable":true,"href":"https:\/\/sertsc.org.br\/site\/wp-json\/wp\/v2\/categories?post=12558"},{"taxonomy":"post_tag","embeddable":true,"href":"https:\/\/sertsc.org.br\/site\/wp-json\/wp\/v2\/tags?post=12558"}],"curies":[{"name":"wp","href":"https:\/\/api.w.org\/{rel}","templated":true}]}}