{"id":12553,"date":"2020-05-14T09:23:42","date_gmt":"2020-05-14T12:23:42","guid":{"rendered":"http:\/\/www.sertsc.org.br\/site\/?p=12553"},"modified":"2020-05-14T09:23:42","modified_gmt":"2020-05-14T12:23:42","slug":"com-publicidade-direcionada-e-maior-dados-de-audiencia-radio-hibrido-da-audi-chega-america-do-norte-em-2020","status":"publish","type":"post","link":"https:\/\/sertsc.org.br\/site\/com-publicidade-direcionada-e-maior-dados-de-audiencia-radio-hibrido-da-audi-chega-america-do-norte-em-2020\/","title":{"rendered":"Com publicidade direcionada e maior dados de audi\u00eancia, r\u00e1dio h\u00edbrido da Audi chega \u00e0 Am\u00e9rica do Norte em 2020"},"content":{"rendered":"<p style=\"text-align: justify;\">A montadora Audi afirmou que ir\u00e1 disponibilizar a sua vers\u00e3o de receptor de r\u00e1dio h\u00edbrido em modelos de carros que ser\u00e3o comercializados em 2020 nos Estados Unidos e no Canad\u00e1. O sistema, que j\u00e1 est\u00e1 presente na Europa desde 2017, realiza uma integra\u00e7\u00e3o completa entre a transmiss\u00e3o de r\u00e1dio via FM\/AM e dados de internet. O r\u00e1dio h\u00edbrido \u00e9 dado como um dos futuros mais promissores para a radiodifus\u00e3o e tem sido debatido nas \u00faltimas edi\u00e7\u00f5es do NAB Show.<\/p>\n<p style=\"text-align: justify;\">Christian Winter, engenheiro de desenvolvimento de m\u00eddia \/ r\u00e1dio da Audi, realizou ontem (13) uma apresenta\u00e7\u00e3o sobre o sistema de r\u00e1dio h\u00edbrido da montadora. As vantagens para as emissoras \u00e9 a possibilidade de integrar conte\u00fados digitais (como \u00e1udio via streaming, podcasts, programas on-demand, canais de interatividade e informa\u00e7\u00f5es adicionais, como logotipos das esta\u00e7\u00f5es) com a transmiss\u00e3o terrestre (FM\/AM).<\/p>\n<p style=\"text-align: justify;\">Ou seja, a emissora de r\u00e1dio poder\u00e1 executar campanhas publicit\u00e1rias personalizadas nos receptores h\u00edbridos, j\u00e1 que h\u00e1 conex\u00e3o autom\u00e1tica com dados de internet. E tamb\u00e9m ser\u00e1 poss\u00edvel aferir os impactos dessas campanhas, al\u00e9m de outros dados anal\u00edticos sobre a audi\u00eancia de cada esta\u00e7\u00e3o.<\/p>\n<p style=\"text-align: justify;\">O sistema h\u00edbrido \u00e9 uma vantagem para o ouvinte: na apresenta\u00e7\u00e3o de Christian, o engenheiro mostra os testes feitos pela Audi na regi\u00e3o de S\u00e3o Francisco (EUA): um v\u00eddeo mostra uma FM local sintonizada perdendo o sinal em \u00e1reas de sombras e o sistema, entendendo a dificuldade, muda a recep\u00e7\u00e3o para o streaming dessa mesma emissora. Quando o sinal FM \u00e9 restabelecido, o sistema deixa o \u00e1udio online e retorna para a recep\u00e7\u00e3o terrestre.<\/p>\n<figure id=\"attachment_12554\" aria-describedby=\"caption-attachment-12554\" style=\"width: 700px\" class=\"wp-caption aligncenter\"><img fetchpriority=\"high\" decoding=\"async\" class=\"wp-image-12554 size-full\" src=\"http:\/\/www.sertsc.org.br\/site\/wp-content\/uploads\/2020\/05\/5ebd1d74e73dd.jpg\" alt=\"Sintonia de uma FM na Calif\u00f3rnia j\u00e1 com a recep\u00e7\u00e3o de r\u00e1dio via internet na \u00e1rea de sombra no sinal da esta\u00e7\u00e3o\" width=\"700\" height=\"327\" \/><figcaption id=\"caption-attachment-12554\" class=\"wp-caption-text\">Sintonia de uma FM na Calif\u00f3rnia j\u00e1 com a recep\u00e7\u00e3o de r\u00e1dio via internet na \u00e1rea de sombra no sinal da esta\u00e7\u00e3o<\/figcaption><\/figure>\n<p style=\"text-align: justify;\">\n<p style=\"text-align: justify;\">A integra\u00e7\u00e3o \u00e9 feita com sinais em FM\/AM anal\u00f3gico e tamb\u00e9m com sinais digitais, como o HD nos Estados Unidos e o DAB+ na Europa. O receptor aproveita todos os dados de RDS e outras informa\u00e7\u00f5es disponibilizadas pelo FM\/AM digital, assim como todos os dados vindos de streaming.<\/p>\n<p style=\"text-align: justify;\">Al\u00e9m de \u00e1udio ao vivo, a emissora pode tamb\u00e9m disponibilizar outros conte\u00fados de \u00e1udio para o ouvinte, como podcasts relacionados com a r\u00e1dio, outros conte\u00fados sob demanda e uma maior integra\u00e7\u00e3o social entre a audi\u00eancia e a esta\u00e7\u00e3o.<\/p>\n<p style=\"text-align: justify;\">Segundo Christian, o r\u00e1dio h\u00edbrido \u00e9 uma alternativa para manter o r\u00e1dio com acesso f\u00e1cil e principalmente mais relevante perante a concorr\u00eancia com outros formatos de m\u00eddia. Isso pelo fato das emissoras poderem fornecer servi\u00e7os adicionais aos seus ouvintes, de forma r\u00e1pida e facilitada.<\/p>\n<p style=\"text-align: justify;\">\n<figure id=\"attachment_12555\" aria-describedby=\"caption-attachment-12555\" style=\"width: 700px\" class=\"wp-caption aligncenter\"><img decoding=\"async\" class=\"size-full wp-image-12555\" src=\"http:\/\/www.sertsc.org.br\/site\/wp-content\/uploads\/2020\/05\/5ebd1d74e87a6.jpg\" alt=\"Pain\u00e9is de r\u00e1dios h\u00edbridos da Audi com as r\u00e1dios dos EUA listadas\" width=\"700\" height=\"338\" \/><figcaption id=\"caption-attachment-12555\" class=\"wp-caption-text\">Pain\u00e9is de r\u00e1dios h\u00edbridos da Audi com as r\u00e1dios dos EUA listadas<\/figcaption><\/figure>\n<p style=\"text-align: justify;\">\n<p style=\"text-align: justify;\">Informa\u00e7\u00f5es adicionais importantes, como logotipos das emissoras, aparecem tanto no receptor do r\u00e1dio da Audi, como tamb\u00e9m em outras \u00e1reas do carro, como no console pr\u00f3ximo ao ar condicionado e no painel do ve\u00edculo, dependendo do modelo.<\/p>\n<p style=\"text-align: justify;\">A apresenta\u00e7\u00e3o feita pela Audi foi um dos pain\u00e9is que tiveram o r\u00e1dio como tema central no dia de ontem (13), no\u00a0<strong><a href=\"https:\/\/tudoradio.com\/noticias\/ver\/23461-nab-realiza-nesta-semana-o-nab-show-express-versao-virtual-do-nab-show-2020-edicao-de-2021-ja-tem-data\">NAB Show Express. O evento virtual foi uma forma da NAB suprir a n\u00e3o realiza\u00e7\u00e3o do NAB Show 2020<\/a><\/strong>, devido a pandemia do novo coronav\u00edrus.<\/p>\n<p style=\"text-align: justify;\">\n<p style=\"text-align: justify;\">Fonte: Tudor\u00e1dio<\/p>\n","protected":false},"excerpt":{"rendered":"<p>A montadora Audi afirmou que ir\u00e1 disponibilizar a sua vers\u00e3o&hellip;<\/p>\n<p> <a class=\"more-link\" href=\"https:\/\/sertsc.org.br\/site\/com-publicidade-direcionada-e-maior-dados-de-audiencia-radio-hibrido-da-audi-chega-america-do-norte-em-2020\/\">Leia mais<\/a><\/p>\n","protected":false},"author":1,"featured_media":12556,"comment_status":"closed","ping_status":"open","sticky":false,"template":"","format":"standard","meta":{"footnotes":""},"categories":[3],"tags":[],"class_list":{"0":"post-12553","1":"post","2":"type-post","3":"status-publish","4":"format-standard","5":"has-post-thumbnail","7":"category-noticias"},"_links":{"self":[{"href":"https:\/\/sertsc.org.br\/site\/wp-json\/wp\/v2\/posts\/12553","targetHints":{"allow":["GET"]}}],"collection":[{"href":"https:\/\/sertsc.org.br\/site\/wp-json\/wp\/v2\/posts"}],"about":[{"href":"https:\/\/sertsc.org.br\/site\/wp-json\/wp\/v2\/types\/post"}],"author":[{"embeddable":true,"href":"https:\/\/sertsc.org.br\/site\/wp-json\/wp\/v2\/users\/1"}],"replies":[{"embeddable":true,"href":"https:\/\/sertsc.org.br\/site\/wp-json\/wp\/v2\/comments?post=12553"}],"version-history":[{"count":0,"href":"https:\/\/sertsc.org.br\/site\/wp-json\/wp\/v2\/posts\/12553\/revisions"}],"wp:featuredmedia":[{"embeddable":true,"href":"https:\/\/sertsc.org.br\/site\/wp-json\/"}],"wp:attachment":[{"href":"https:\/\/sertsc.org.br\/site\/wp-json\/wp\/v2\/media?parent=12553"}],"wp:term":[{"taxonomy":"category","embeddable":true,"href":"https:\/\/sertsc.org.br\/site\/wp-json\/wp\/v2\/categories?post=12553"},{"taxonomy":"post_tag","embeddable":true,"href":"https:\/\/sertsc.org.br\/site\/wp-json\/wp\/v2\/tags?post=12553"}],"curies":[{"name":"wp","href":"https:\/\/api.w.org\/{rel}","templated":true}]}}