{"id":12529,"date":"2020-05-12T12:01:42","date_gmt":"2020-05-12T15:01:42","guid":{"rendered":"http:\/\/www.sertsc.org.br\/site\/?p=12529"},"modified":"2020-05-12T12:01:42","modified_gmt":"2020-05-12T15:01:42","slug":"coronavirus-emissoras-de-radio-e-tv-intensificam-campanhas-do-uso-da-mascara","status":"publish","type":"post","link":"https:\/\/sertsc.org.br\/site\/coronavirus-emissoras-de-radio-e-tv-intensificam-campanhas-do-uso-da-mascara\/","title":{"rendered":"Coronav\u00edrus: Emissoras de r\u00e1dio e tv intensificam campanhas do uso da m\u00e1scara"},"content":{"rendered":"<p style=\"text-align: justify;\">Com o avan\u00e7o da pandemia do novo coronav\u00edrus, autoridades de sa\u00fade come\u00e7aram a recomendar o uso de m\u00e1scaras no conv\u00edvio social. Muitos munic\u00edpios, inclusive, decretaram a obriga\u00e7\u00e3o do uso do equipamento. Contribuindo para conscientizar a popula\u00e7\u00e3o sobre o uso das m\u00e1scaras, as emissoras de r\u00e1dio e televis\u00e3o intensificaram campanhas principalmente nos programas de jornalismo. Al\u00e9m disso, Para fortalecer o v\u00ednculo e a empatia com o p\u00fablico, as emissoras resolveram produzir m\u00e1scaras personalizadas. Outras receberam o equipamento da Rede a que pertencem. A ACAERT reuniu alguns exemplos da iniciativa em Santa Catarina.<\/p>\n<p>&nbsp;<\/p>\n<p><img fetchpriority=\"high\" decoding=\"async\" class=\"aligncenter wp-image-12530 size-full\" src=\"http:\/\/www.sertsc.org.br\/site\/wp-content\/uploads\/2020\/05\/MOSAICO-MASCARAdentrov-alendo.jpg\" alt=\"MOSAICO-MASCARAdentrov alendo\" width=\"680\" height=\"443\" \/><\/p>\n<p>&nbsp;<\/p>\n<p style=\"text-align: justify;\"><strong>M\u00e1scaras caseiras<\/strong>\u00a0&#8211; Para ser eficiente como uma barreira f\u00edsica, a m\u00e1scara caseira precisa seguir algumas especifica\u00e7\u00f5es, que s\u00e3o simples. \u00c9 preciso que a m\u00e1scara tenha pelo menos duas camadas de pano, ou seja dupla face. E mais uma informa\u00e7\u00e3o importante: ela \u00e9 individual. N\u00e3o pode ser dividida com ningu\u00e9m. As m\u00e1scaras caseiras podem ser feitas em tecido de algod\u00e3o, tricoline, TNT ou outros tecidos, desde que desenhadas e higienizadas corretamente. O importante \u00e9 que a m\u00e1scara seja feita nas medidas corretas cobrindo totalmente a boca e nariz e que estejam bem ajustadas ao rosto, sem deixar espa\u00e7os nas laterais.<\/p>\n<p style=\"text-align: justify;\"><strong>Jeito Catarinense<\/strong>\u00a0&#8211; Em abril, em nova etapa do \u201cJeito Catarinense\u201d, a ACAERT produziu e distribuiu v\u00eddeo e \u00e1udio que trazem orienta\u00e7\u00e3o para que a popula\u00e7\u00e3o use m\u00e1scaras para combater a transmiss\u00e3o da covid-19. O material foi veiculado na grade de programa\u00e7\u00e3o e nas redes sociais das emissoras associadas.\u00a0\u00a0<strong><em>(Veja v\u00eddeo abaixo)<\/em><\/strong><\/p>\n<p>&nbsp;<\/p>\n<p><iframe title=\"Usar m\u00e1scara contra a Covid-19 \u00e9 o jeito certo. Esse \u00e9 o Jeito Catarinense.\" width=\"800\" height=\"450\" src=\"https:\/\/www.youtube.com\/embed\/YfiGOLIKkNA?feature=oembed\" frameborder=\"0\" allow=\"accelerometer; autoplay; clipboard-write; encrypted-media; gyroscope; picture-in-picture; web-share\" referrerpolicy=\"strict-origin-when-cross-origin\" allowfullscreen><\/iframe><\/p>\n<p>&nbsp;<\/p>\n<p>&nbsp;<\/p>\n<p>Fonte: ACAERT<\/p>\n","protected":false},"excerpt":{"rendered":"<p>Com o avan\u00e7o da pandemia do novo coronav\u00edrus, autoridades de&hellip;<\/p>\n<p> <a class=\"more-link\" href=\"https:\/\/sertsc.org.br\/site\/coronavirus-emissoras-de-radio-e-tv-intensificam-campanhas-do-uso-da-mascara\/\">Leia mais<\/a><\/p>\n","protected":false},"author":1,"featured_media":12530,"comment_status":"closed","ping_status":"open","sticky":false,"template":"","format":"standard","meta":{"footnotes":""},"categories":[3],"tags":[],"class_list":{"0":"post-12529","1":"post","2":"type-post","3":"status-publish","4":"format-standard","5":"has-post-thumbnail","7":"category-noticias"},"_links":{"self":[{"href":"https:\/\/sertsc.org.br\/site\/wp-json\/wp\/v2\/posts\/12529","targetHints":{"allow":["GET"]}}],"collection":[{"href":"https:\/\/sertsc.org.br\/site\/wp-json\/wp\/v2\/posts"}],"about":[{"href":"https:\/\/sertsc.org.br\/site\/wp-json\/wp\/v2\/types\/post"}],"author":[{"embeddable":true,"href":"https:\/\/sertsc.org.br\/site\/wp-json\/wp\/v2\/users\/1"}],"replies":[{"embeddable":true,"href":"https:\/\/sertsc.org.br\/site\/wp-json\/wp\/v2\/comments?post=12529"}],"version-history":[{"count":0,"href":"https:\/\/sertsc.org.br\/site\/wp-json\/wp\/v2\/posts\/12529\/revisions"}],"wp:featuredmedia":[{"embeddable":true,"href":"https:\/\/sertsc.org.br\/site\/wp-json\/"}],"wp:attachment":[{"href":"https:\/\/sertsc.org.br\/site\/wp-json\/wp\/v2\/media?parent=12529"}],"wp:term":[{"taxonomy":"category","embeddable":true,"href":"https:\/\/sertsc.org.br\/site\/wp-json\/wp\/v2\/categories?post=12529"},{"taxonomy":"post_tag","embeddable":true,"href":"https:\/\/sertsc.org.br\/site\/wp-json\/wp\/v2\/tags?post=12529"}],"curies":[{"name":"wp","href":"https:\/\/api.w.org\/{rel}","templated":true}]}}