{"id":12524,"date":"2020-05-12T11:51:30","date_gmt":"2020-05-12T14:51:30","guid":{"rendered":"http:\/\/www.sertsc.org.br\/site\/?p=12524"},"modified":"2020-05-12T11:51:30","modified_gmt":"2020-05-12T14:51:30","slug":"kantar-ibope-media-divulga-estudo-sobre-afinidade-de-cada-publico-com-o-radio-durante-pandemia","status":"publish","type":"post","link":"https:\/\/sertsc.org.br\/site\/kantar-ibope-media-divulga-estudo-sobre-afinidade-de-cada-publico-com-o-radio-durante-pandemia\/","title":{"rendered":"Kantar Ibope Media divulga estudo sobre a afinidade de cada p\u00fablico com o R\u00e1dio durante a pandemia"},"content":{"rendered":"<p style=\"text-align: justify;\">O Kantar Ibope Media vem acompanhando o comportamento das pessoas e das empresas com rela\u00e7\u00e3o ao meio R\u00e1dio durante o per\u00edodo de pandemia do coronav\u00edrus. O mais recente estudo divulgado pela empresa, mostra como cada p\u00fablico est\u00e1 reagindo com o meio, evidenciando como \u00e9 o comportamento em cada fase da vida.<\/p>\n<p style=\"text-align: justify;\">Segundo o levantamento do Kantar Ibope Media, entre os ouvintes mais jovens que foram pesquisados, esse \u00e9 o momento de ouvir m\u00fasica pelo R\u00e1dio. Esse p\u00fablico, segundo a pesquisa, est\u00e1 na faixa dos 10 aos 14 anos (com maior frequ\u00eancia) e dos 15 aos 19 anos.<\/p>\n<p style=\"text-align: justify;\">Numa faixa mais velha, dos 20 aos 34 anos (chamados na pesquisa como jovens adultos), os ouvintes est\u00e3o com mais tempo livre para ouvir R\u00e1dio. Por\u00e9m, essa faixa busca mais informa\u00e7\u00f5es sobre a covid-19.<\/p>\n<p style=\"text-align: justify;\">Para a faixa das pessoas mais velhas, dos 50 aos 59 anos e maiores de 60 anos, o R\u00e1dio serve para a busca de informa\u00e7\u00f5es de acontecimentos gerais. Esse grupo usa o R\u00e1dio como fonte de not\u00edcias para outros tipos de assunto, al\u00e9m das informa\u00e7\u00f5es sobre o coronav\u00edrus.<\/p>\n<p style=\"text-align: justify;\"><img fetchpriority=\"high\" decoding=\"async\" class=\"aligncenter wp-image-12525 size-full\" src=\"http:\/\/www.sertsc.org.br\/site\/wp-content\/uploads\/2020\/05\/5ebaadf9d588f.png\" alt=\"5ebaadf9d588f\" width=\"700\" height=\"348\" \/><\/p>\n<p style=\"text-align: justify;\"><strong>Comportamento por regi\u00e3o<\/strong><\/p>\n<p style=\"text-align: justify;\">Em outro levantamento realizado pelo Kantar Ibope Media, foi constatado que,<strong><a href=\"https:\/\/tudoradio.com\/noticias\/ver\/23377-o-radio-hoje-com-meio-em-alta-kantar-ibope-media-detalha-por-regiao-o-comportamento-da-audiencia-de-radio-durante-a-pandemia-do-coronavirus\">\u00a0com 71%,\u00a0o \u00edndice regional de consumo de r\u00e1dio durante o isolamento social\u00a0<\/a><\/strong>\u00e9 elevado nas 13 regi\u00f5es metropolitanas pesquisadas, com parte dos entrevistados revelando que ampliaram o tempo destinado ao meio.<\/p>\n<p style=\"text-align: justify;\">Belo Horizonte registrou 74% dos entrevistados afirmando que mantiveram ou elevaram o consumo de r\u00e1dio durante o isolamento. Curitiba registrou 72% e Porto Alegre 71%. Campinas, Salvador e Goi\u00e2nia com 70% para manter ou ampliar a audi\u00e7\u00e3o de r\u00e1dio. Vit\u00f3ria registrou 69%, S\u00e3o Paulo 67% e Florian\u00f3polis com 62%.<\/p>\n<p style=\"text-align: justify;\">Os levantamentos s\u00e3o importantes, pois mostram que, mesmo em isolamento,\u00a0<strong><a href=\"https:\/\/tudoradio.com\/noticias\/ver\/23316-o-radio-hoje-consumo-de-radio-no-brasil-avanca-no-offline-e-no-digital-grande-variacao-de-conteudo-beneficia-procura-pelo-meio\">as pessoas continuam ouvindo R\u00e1dio, na mesma intensidade de antes ou at\u00e9 mesmo mais<\/a><\/strong>. Em n\u00fameros, 77% dos entrevistados nos primeiros dias de abril afirmaram ouvir r\u00e1dio, sendo 71% afirmando que ouviram as emissoras na mesma quantidade ou mais ap\u00f3s as medidas de isolamento social. E 20% disseram ouvir &#8220;muito mais&#8221; r\u00e1dio ap\u00f3s o isolamento.<\/p>\n<p style=\"text-align: justify;\">Fonte: Tudor\u00e1dio<\/p>\n","protected":false},"excerpt":{"rendered":"<p>O Kantar Ibope Media vem acompanhando o comportamento das pessoas&hellip;<\/p>\n<p> <a class=\"more-link\" href=\"https:\/\/sertsc.org.br\/site\/kantar-ibope-media-divulga-estudo-sobre-afinidade-de-cada-publico-com-o-radio-durante-pandemia\/\">Leia mais<\/a><\/p>\n","protected":false},"author":1,"featured_media":12526,"comment_status":"closed","ping_status":"open","sticky":false,"template":"","format":"standard","meta":{"footnotes":""},"categories":[3],"tags":[],"class_list":{"0":"post-12524","1":"post","2":"type-post","3":"status-publish","4":"format-standard","5":"has-post-thumbnail","7":"category-noticias"},"_links":{"self":[{"href":"https:\/\/sertsc.org.br\/site\/wp-json\/wp\/v2\/posts\/12524","targetHints":{"allow":["GET"]}}],"collection":[{"href":"https:\/\/sertsc.org.br\/site\/wp-json\/wp\/v2\/posts"}],"about":[{"href":"https:\/\/sertsc.org.br\/site\/wp-json\/wp\/v2\/types\/post"}],"author":[{"embeddable":true,"href":"https:\/\/sertsc.org.br\/site\/wp-json\/wp\/v2\/users\/1"}],"replies":[{"embeddable":true,"href":"https:\/\/sertsc.org.br\/site\/wp-json\/wp\/v2\/comments?post=12524"}],"version-history":[{"count":0,"href":"https:\/\/sertsc.org.br\/site\/wp-json\/wp\/v2\/posts\/12524\/revisions"}],"wp:featuredmedia":[{"embeddable":true,"href":"https:\/\/sertsc.org.br\/site\/wp-json\/"}],"wp:attachment":[{"href":"https:\/\/sertsc.org.br\/site\/wp-json\/wp\/v2\/media?parent=12524"}],"wp:term":[{"taxonomy":"category","embeddable":true,"href":"https:\/\/sertsc.org.br\/site\/wp-json\/wp\/v2\/categories?post=12524"},{"taxonomy":"post_tag","embeddable":true,"href":"https:\/\/sertsc.org.br\/site\/wp-json\/wp\/v2\/tags?post=12524"}],"curies":[{"name":"wp","href":"https:\/\/api.w.org\/{rel}","templated":true}]}}