{"id":12518,"date":"2020-05-12T09:06:53","date_gmt":"2020-05-12T12:06:53","guid":{"rendered":"http:\/\/www.sertsc.org.br\/site\/?p=12518"},"modified":"2020-05-12T09:06:53","modified_gmt":"2020-05-12T12:06:53","slug":"nab-realiza-nesta-semana-o-nab-show-express-versao-virtual-do-nab-show-2020-edicao-de-2021-ja-tem-data","status":"publish","type":"post","link":"https:\/\/sertsc.org.br\/site\/nab-realiza-nesta-semana-o-nab-show-express-versao-virtual-do-nab-show-2020-edicao-de-2021-ja-tem-data\/","title":{"rendered":"NAB realiza nesta semana o NAB Show Express, vers\u00e3o virtual do NAB Show 2020. Edi\u00e7\u00e3o de 2021 j\u00e1 tem data"},"content":{"rendered":"<p style=\"text-align: justify;\">Conforme noticiado anteriormente pelo tudoradio.com, a NAB (National Association of Broadcasters) vai realizar uma edi\u00e7\u00e3o virtual e diferente do NAB Show neste ano de 2020. O motivo \u00e9 o cancelamento da feira e do congresso por causa da pandemia do novo coronav\u00edrus. O NAB Show Express, nome dado \u00e0 programa\u00e7\u00e3o via internet, est\u00e1 marcado para come\u00e7ar amanh\u00e3 (13) e reunir\u00e1 uma s\u00e9rie de pain\u00e9is sobre m\u00eddia (situa\u00e7\u00e3o atual e tend\u00eancias). As inscri\u00e7\u00f5es para participa\u00e7\u00f5es seguem abertas.<\/p>\n<p style=\"text-align: justify;\">Segundo informa\u00e7\u00f5es da entidade, o NAB Show Express vai oferecer tr\u00eas canais educacionais, conte\u00fados sob demanda e uma \u00e1rea chamada de Solutions Marketplace, ferramenta que ser\u00e1 uma esp\u00e9cie de vers\u00e3o digital da feira de equipamentos e neg\u00f3cios que \u00e9 realizada tradicionalmente na programa\u00e7\u00e3o do NAB Show.<\/p>\n<p style=\"text-align: justify;\">Os tr\u00eas canais educacionais contar\u00e3o com mais de 100 sess\u00f5es, incluindo pain\u00e9is interativos e parte da programa\u00e7\u00e3o que aconteceria durante o NAB Show 2020, em Las Vegas (Estados Unidos).<\/p>\n<p style=\"text-align: justify;\">J\u00e1 o NAB Show Express Solutions Marketplace \u00e9 gratuito e oferecer\u00e1 perfis de expositores, eventos organizados pela empresa, confer\u00eancias de imprensa e ofertas especiais para os interessados em explorar novos produtos e not\u00edcias sobre expositores. A grade simula a feira presencial que seria realizada em Las Vegas.<\/p>\n<p style=\"text-align: justify;\">Por\u00e9m, segundo os informativos da NAB, algumas sess\u00f5es digitais em formato de webinar j\u00e1 s\u00e3o realizadas desde a segunda-feira (11), tendo as plataformas de streaming como foco das conversas. Ontem ocorreu a conversa com Robert Greenblatt (pessoa-chave da Warner Media Entertainment) e as pr\u00f3xima sess\u00e3o est\u00e1 programada para amanh\u00e3 (13), com nomes do YouTube \/ Google, ABC, Verizon Media, Sony Pictures, entre outros.<\/p>\n<p style=\"text-align: justify;\">O NAB Show 2020 seria realizado em Las Vegas no m\u00eas passado e teria novamente a cobertura do portal tudoradio.com, al\u00e9m de uma programa\u00e7\u00e3o especial voltada aos radiodifusores brasileiros, como o tradicional Caf\u00e9 da Manh\u00e3 da Radiodifus\u00e3o.\u00a0<strong><a href=\"https:\/\/tudoradio.com\/noticias\/ver\/23150-nab-show-2020-coronavirus-nab-show-2020-nao-sera-mais-realizado-em-abril-radiodays-europe-e-adiado-em-portugal\">Os eventos foram cancelados devido \u00e0 covid-19.<\/a><\/strong><\/p>\n<p style=\"text-align: justify;\">\n<p style=\"text-align: justify;\"><strong>Data do NAB Show 2021 j\u00e1 \u00e9 conhecida<\/strong><\/p>\n<p style=\"text-align: justify;\">Na esperan\u00e7a do retorno \u00e0 normalidade, a NAB j\u00e1 divulgou a data do NAB Show 2021. Ser\u00e1 entre os dias 10 e 14 de abril, seguindo em Las Vegas (no Las Vegas Convention Center). A programa\u00e7\u00e3o futura seguir\u00e1 o modelo que era previsto para 2020, com uma grade mais curta. E a expectativa da entidade segue elevada, esperando contar com mais de 90 mil participantes de todo o mundo (160 pa\u00edses) e tamb\u00e9m cerca de 1.600 expositores.<\/p>\n<p style=\"text-align: justify;\">\n<figure id=\"attachment_12519\" aria-describedby=\"caption-attachment-12519\" style=\"width: 500px\" class=\"wp-caption aligncenter\"><img fetchpriority=\"high\" decoding=\"async\" class=\"size-full wp-image-12519\" src=\"http:\/\/www.sertsc.org.br\/site\/wp-content\/uploads\/2020\/05\/5eba7ca79a15a.png\" alt=\"Os eventos relacionados ao NAB Show que j\u00e1 est\u00e3o com suas datas programadas pela NAB\" width=\"500\" height=\"121\" \/><figcaption id=\"caption-attachment-12519\" class=\"wp-caption-text\">Os eventos relacionados ao NAB Show que j\u00e1 est\u00e3o com suas datas programadas pela NAB<\/figcaption><\/figure>\n<p style=\"text-align: justify;\">Fonte: Tudor\u00e1dio<\/p>\n","protected":false},"excerpt":{"rendered":"<p>Conforme noticiado anteriormente pelo tudoradio.com, a NAB (National Association of&hellip;<\/p>\n<p> <a class=\"more-link\" href=\"https:\/\/sertsc.org.br\/site\/nab-realiza-nesta-semana-o-nab-show-express-versao-virtual-do-nab-show-2020-edicao-de-2021-ja-tem-data\/\">Leia mais<\/a><\/p>\n","protected":false},"author":1,"featured_media":12522,"comment_status":"closed","ping_status":"open","sticky":false,"template":"","format":"standard","meta":{"footnotes":""},"categories":[3],"tags":[],"class_list":{"0":"post-12518","1":"post","2":"type-post","3":"status-publish","4":"format-standard","5":"has-post-thumbnail","7":"category-noticias"},"_links":{"self":[{"href":"https:\/\/sertsc.org.br\/site\/wp-json\/wp\/v2\/posts\/12518","targetHints":{"allow":["GET"]}}],"collection":[{"href":"https:\/\/sertsc.org.br\/site\/wp-json\/wp\/v2\/posts"}],"about":[{"href":"https:\/\/sertsc.org.br\/site\/wp-json\/wp\/v2\/types\/post"}],"author":[{"embeddable":true,"href":"https:\/\/sertsc.org.br\/site\/wp-json\/wp\/v2\/users\/1"}],"replies":[{"embeddable":true,"href":"https:\/\/sertsc.org.br\/site\/wp-json\/wp\/v2\/comments?post=12518"}],"version-history":[{"count":0,"href":"https:\/\/sertsc.org.br\/site\/wp-json\/wp\/v2\/posts\/12518\/revisions"}],"wp:featuredmedia":[{"embeddable":true,"href":"https:\/\/sertsc.org.br\/site\/wp-json\/"}],"wp:attachment":[{"href":"https:\/\/sertsc.org.br\/site\/wp-json\/wp\/v2\/media?parent=12518"}],"wp:term":[{"taxonomy":"category","embeddable":true,"href":"https:\/\/sertsc.org.br\/site\/wp-json\/wp\/v2\/categories?post=12518"},{"taxonomy":"post_tag","embeddable":true,"href":"https:\/\/sertsc.org.br\/site\/wp-json\/wp\/v2\/tags?post=12518"}],"curies":[{"name":"wp","href":"https:\/\/api.w.org\/{rel}","templated":true}]}}