{"id":12511,"date":"2020-05-11T09:31:07","date_gmt":"2020-05-11T12:31:07","guid":{"rendered":"http:\/\/www.sertsc.org.br\/site\/?p=12511"},"modified":"2020-05-11T09:31:07","modified_gmt":"2020-05-11T12:31:07","slug":"aesp-promove-encontros-com-temas-voltados-pandemia-e-as-novas-regras-para-o-licenciamento-de-emissoras","status":"publish","type":"post","link":"https:\/\/sertsc.org.br\/site\/aesp-promove-encontros-com-temas-voltados-pandemia-e-as-novas-regras-para-o-licenciamento-de-emissoras\/","title":{"rendered":"AESP promove encontros com temas voltados a pandemia e as novas regras para o licenciamento de emissoras"},"content":{"rendered":"<p style=\"text-align: justify;\">Est\u00e3o marcados para esta semana duas edi\u00e7\u00f5es do &#8220;AESP Talks &#8211; Encontro de Profissionais&#8221;. Os encontros, promovidos pela AESP (Associa\u00e7\u00e3o das Emissoras R\u00e1dio e Televis\u00e3o do Estado de S\u00e3o Paulo), acontecem na pr\u00f3xima ter\u00e7a-feira (12) e quinta-feira (14) e ir\u00e3o abordar os temas Cen\u00e1rio da Pandemia Covid-19 e o Papel da M\u00eddia e Novas Regras para Licenciamento de Emissoras. As reuni\u00f5es ocorrem a partir das 11h pela internet e estar\u00e3o dispon\u00edveis para transmiss\u00e3o nas emissoras de r\u00e1dio<\/p>\n<p style=\"text-align: justify;\">Nesta ter\u00e7a-feira (12) acontece a primeira edi\u00e7\u00e3o da semana do &#8220;AESP Talks &#8211; Encontro de Profissionais&#8221;. Com o tema Cen\u00e1rio da Pandemia Covid-19 e o Papel da M\u00eddia, a transmiss\u00e3o ter\u00e1 como convidados Caio Barsotti, Presidente do CENP e M\u00e1rio D\u2019Andrea, Presidente do Dentsu Creative Group. Sabendo-se que a Covid-19 trouxe s\u00e9rios desafios para a maioria das empresas e, ao mesmo tempo, dificuldades para a viabiliza\u00e7\u00e3o da continuidade do trabalho, os profissionais ir\u00e3o discutir diversos assuntos, como as fake news, credibilidade da m\u00eddia na dissemina\u00e7\u00e3o de informa\u00e7\u00f5es confi\u00e1veis, crescimento da audi\u00eancia do meio no per\u00edodo e os aprendizados com a pandemia.<\/p>\n<p style=\"text-align: justify;\">Outro tema que ser\u00e1 levado aos espectadores do &#8220;AESP Talks &#8211; Encontro de Profissionais&#8221; \u00e9 sobre as novas regras para licenciamento de emissoras, mediante a edi\u00e7\u00e3o do Decreto N\u00ba 10.326, publicado em 27 de abril que prop\u00f5e a simplifica\u00e7\u00e3o do processo de licenciamento de emissoras de radiodifus\u00e3o, o qual imp\u00f5e prazos ex\u00edguos \u00e0s emissoras de r\u00e1dio e TV, incluindo retransmissoras, para entrada em funcionamento. Marcado para esta quinta-feira (14), os convidados para repercutir o assunto ser\u00e3o Cristiano Flores Lobato, Diretor Geral da ABERT, Rodolfo Salena, Gerente Jur\u00eddico da ABERT e Eduardo Cappia, L\u00edder de Comit\u00ea T\u00e9cnico da AESP.<\/p>\n<p style=\"text-align: justify;\">As edi\u00e7\u00f5es do &#8220;AESP Talks &#8211; Encontro de Profissionais&#8221; ocorrem sempre entre as 11h e 12h e podem ser assistidas por meio dos canais digitais da AESP, incluindo a<strong><a href=\"http:\/\/www.aesp.org.br\/facebooklive\" target=\"_blank\" rel=\"noopener noreferrer\">\u00a0Fan-Page no Facebook<\/a><\/strong>\u00a0e o\u00a0<strong><a href=\"http:\/\/www.aesp.org.br\/youtubelive\" target=\"_blank\" rel=\"noopener noreferrer\">canal da entidade no YouTube<\/a><\/strong>. Al\u00e9m disso haver\u00e1 transmiss\u00e3o pelo\u00a0<strong><a href=\"http:\/\/www.bandmulti.com.br\/\" target=\"_blank\" rel=\"noopener noreferrer\">Band Multi<\/a><\/strong>, portal de not\u00edcias do Grupo Bandeirantes de Comunica\u00e7\u00e3o. As reuni\u00f5es estar\u00e3o dispon\u00edveis para transmiss\u00e3o nas emissoras de r\u00e1dio.<\/p>\n<p style=\"text-align: justify;\"><em>Com informa\u00e7\u00f5es da AESP<\/em><\/p>\n<p>&nbsp;<\/p>\n<p>Fonte:Tudor\u00e1dio<\/p>\n","protected":false},"excerpt":{"rendered":"<p>Est\u00e3o marcados para esta semana duas edi\u00e7\u00f5es do &#8220;AESP Talks&hellip;<\/p>\n<p> <a class=\"more-link\" href=\"https:\/\/sertsc.org.br\/site\/aesp-promove-encontros-com-temas-voltados-pandemia-e-as-novas-regras-para-o-licenciamento-de-emissoras\/\">Leia mais<\/a><\/p>\n","protected":false},"author":1,"featured_media":12512,"comment_status":"closed","ping_status":"open","sticky":false,"template":"","format":"standard","meta":{"footnotes":""},"categories":[3],"tags":[],"class_list":{"0":"post-12511","1":"post","2":"type-post","3":"status-publish","4":"format-standard","5":"has-post-thumbnail","7":"category-noticias"},"_links":{"self":[{"href":"https:\/\/sertsc.org.br\/site\/wp-json\/wp\/v2\/posts\/12511","targetHints":{"allow":["GET"]}}],"collection":[{"href":"https:\/\/sertsc.org.br\/site\/wp-json\/wp\/v2\/posts"}],"about":[{"href":"https:\/\/sertsc.org.br\/site\/wp-json\/wp\/v2\/types\/post"}],"author":[{"embeddable":true,"href":"https:\/\/sertsc.org.br\/site\/wp-json\/wp\/v2\/users\/1"}],"replies":[{"embeddable":true,"href":"https:\/\/sertsc.org.br\/site\/wp-json\/wp\/v2\/comments?post=12511"}],"version-history":[{"count":0,"href":"https:\/\/sertsc.org.br\/site\/wp-json\/wp\/v2\/posts\/12511\/revisions"}],"wp:featuredmedia":[{"embeddable":true,"href":"https:\/\/sertsc.org.br\/site\/wp-json\/"}],"wp:attachment":[{"href":"https:\/\/sertsc.org.br\/site\/wp-json\/wp\/v2\/media?parent=12511"}],"wp:term":[{"taxonomy":"category","embeddable":true,"href":"https:\/\/sertsc.org.br\/site\/wp-json\/wp\/v2\/categories?post=12511"},{"taxonomy":"post_tag","embeddable":true,"href":"https:\/\/sertsc.org.br\/site\/wp-json\/wp\/v2\/tags?post=12511"}],"curies":[{"name":"wp","href":"https:\/\/api.w.org\/{rel}","templated":true}]}}