{"id":12384,"date":"2020-04-22T15:24:52","date_gmt":"2020-04-22T18:24:52","guid":{"rendered":"http:\/\/www.sertsc.org.br\/site\/?p=12384"},"modified":"2020-04-22T15:24:52","modified_gmt":"2020-04-22T18:24:52","slug":"set-realiza-serie-set-business-webinars-nesta-quarta-feira-22-sobre-habitos-de-consumo-em-epoca-de-coronavirus","status":"publish","type":"post","link":"https:\/\/sertsc.org.br\/site\/set-realiza-serie-set-business-webinars-nesta-quarta-feira-22-sobre-habitos-de-consumo-em-epoca-de-coronavirus\/","title":{"rendered":"SET realiza s\u00e9rie SET Business Webinars nesta quarta-feira (22) sobre h\u00e1bitos de consumo em \u00e9poca de coronav\u00edrus"},"content":{"rendered":"<p style=\"text-align: justify;\">A Sociedade Brasileira de Engenharia de Televis\u00e3o (SET) realiza nesta quarta-feira (22), a partir das 14h, o SET Business Webinars. A s\u00e9rie in\u00e9dita da entidade ter\u00e1 como tema &#8220;Tecnologia x H\u00e1bitos de Consumo x Coronav\u00edrus&#8221; e contar\u00e1 com participa\u00e7\u00e3o de profissionais do Kantar Ibope Media e do SBT, que \u00e9 parceria da SET no evento e apoio da AESP. O SET Businwss Webinars tem\u00a0<strong><a href=\"https:\/\/set.org.br\/webinar-set-business-inscricao\/\" target=\"_blank\" rel=\"noopener noreferrer\">inscri\u00e7\u00f5es gratuitas<\/a><\/strong>.<\/p>\n<p style=\"text-align: justify;\">A s\u00e9rie visa discutir as novas estrat\u00e9gias de neg\u00f3cios a partir de pesquisas sobre o atual momento da economia brasileira e global. Al\u00e9m disso, pretende fornecer an\u00e1lises construtivas e insights sobre as melhores op\u00e7\u00f5es futuras diante do cen\u00e1rio incerto que agora vivemos. O evento \u00e9 voltado, principalmente, para gestores de emissoras, marketing, comercial e programa\u00e7\u00e3o.<\/p>\n<p style=\"text-align: justify;\">O SET Business Webinars ter\u00e1 como moderador diretor de Assuntos Institucionais e Regulat\u00f3rios do SBT, Roberto Franco. A gerente de Intelig\u00eancia de Mercado do SBT, Andrea Costa do Nascimento, ser\u00e1 a debatedora do evento. Como palestrantes, o evento ter\u00e1 Melissa Vogel, CEO do Kantar IBOPE Media no Brasil; Silvia Quintanhilha, diretora geral de atendimento Kantar Brasil; e Rodrigo Albuquerque, diretor da Divis\u00e3o Consulting do Kantar Brasil.<\/p>\n<p style=\"text-align: justify;\">&#8220;H\u00e1 algum tempo, tenho trazido para SET a discuss\u00e3o de como a Tecnologia est\u00e1 afetando o Consumo de M\u00eddia e como os H\u00e1bitos de Consumo de M\u00eddia induzem o desenvolvimento tecnol\u00f3gico. Nesta s\u00e9rie de webinars, acrescentaremos um fator novo e desestabilizador: a pandemia do coronav\u00edrus.<\/p>\n<p style=\"text-align: justify;\">Neste primeiro webinar, Covid-19: impactos no consumo e nas marcas no Brasil, contaremos com a participa\u00e7\u00e3o especial da CEO e dos diretores da Kantar, que compartilhar\u00e3o conosco valiosos conhecimentos, resultado de pesquisas e an\u00e1lises sobre o comportamento da popula\u00e7\u00e3o neste per\u00edodo de pandemia&#8221;, ressaltou Roberto Franco.<\/p>\n<p style=\"text-align: justify;\">Fonte: Tudor\u00e1dio<\/p>\n","protected":false},"excerpt":{"rendered":"<p>A Sociedade Brasileira de Engenharia de Televis\u00e3o (SET) realiza nesta&hellip;<\/p>\n<p> <a class=\"more-link\" href=\"https:\/\/sertsc.org.br\/site\/set-realiza-serie-set-business-webinars-nesta-quarta-feira-22-sobre-habitos-de-consumo-em-epoca-de-coronavirus\/\">Leia mais<\/a><\/p>\n","protected":false},"author":1,"featured_media":12385,"comment_status":"closed","ping_status":"open","sticky":false,"template":"","format":"standard","meta":{"footnotes":""},"categories":[3],"tags":[],"class_list":{"0":"post-12384","1":"post","2":"type-post","3":"status-publish","4":"format-standard","5":"has-post-thumbnail","7":"category-noticias"},"_links":{"self":[{"href":"https:\/\/sertsc.org.br\/site\/wp-json\/wp\/v2\/posts\/12384","targetHints":{"allow":["GET"]}}],"collection":[{"href":"https:\/\/sertsc.org.br\/site\/wp-json\/wp\/v2\/posts"}],"about":[{"href":"https:\/\/sertsc.org.br\/site\/wp-json\/wp\/v2\/types\/post"}],"author":[{"embeddable":true,"href":"https:\/\/sertsc.org.br\/site\/wp-json\/wp\/v2\/users\/1"}],"replies":[{"embeddable":true,"href":"https:\/\/sertsc.org.br\/site\/wp-json\/wp\/v2\/comments?post=12384"}],"version-history":[{"count":0,"href":"https:\/\/sertsc.org.br\/site\/wp-json\/wp\/v2\/posts\/12384\/revisions"}],"wp:featuredmedia":[{"embeddable":true,"href":"https:\/\/sertsc.org.br\/site\/wp-json\/"}],"wp:attachment":[{"href":"https:\/\/sertsc.org.br\/site\/wp-json\/wp\/v2\/media?parent=12384"}],"wp:term":[{"taxonomy":"category","embeddable":true,"href":"https:\/\/sertsc.org.br\/site\/wp-json\/wp\/v2\/categories?post=12384"},{"taxonomy":"post_tag","embeddable":true,"href":"https:\/\/sertsc.org.br\/site\/wp-json\/wp\/v2\/tags?post=12384"}],"curies":[{"name":"wp","href":"https:\/\/api.w.org\/{rel}","templated":true}]}}