{"id":12381,"date":"2020-04-22T09:42:22","date_gmt":"2020-04-22T12:42:22","guid":{"rendered":"http:\/\/www.sertsc.org.br\/site\/?p=12381"},"modified":"2020-04-22T09:42:22","modified_gmt":"2020-04-22T12:42:22","slug":"radiodifusores-banda-ku-ainda-e-unica-saida-para-convivencia-entre-5g-e-tvro","status":"publish","type":"post","link":"https:\/\/sertsc.org.br\/site\/radiodifusores-banda-ku-ainda-e-unica-saida-para-convivencia-entre-5g-e-tvro\/","title":{"rendered":"Radiodifusores: banda Ku ainda \u00e9 a \u00fanica sa\u00edda para conviv\u00eancia entre 5G e TVRO"},"content":{"rendered":"<p style=\"text-align: justify;\">Na\u00a0<a href=\"https:\/\/sistemas.anatel.gov.br\/SACP\/Relatorios\/RelatorioDadosBd.asp?pCodProcesso=C2308&amp;pCodTipoProcesso=1&amp;pTipoRelatorio=1\">Consulta P\u00fablica n\u00ba 9 promovida pela Anatel<\/a>\u00a0para discutir o edital de leil\u00e3o das faixas de espectro que ser\u00e3o destinadas ao 5G no Brasil, o setor de radiodifus\u00e3o, representado pelas Abert, Abratel e Sociedade Brasileira de Engenharia de Televis\u00e3o (SET),\u00a0<a href=\"https:\/\/telaviva.com.br\/27\/08\/2019\/para-tvs-migracao-para-banda-ku-e-unica-solucao-para-35-ghz\/\" target=\"_blank\" rel=\"noreferrer noopener\">voltaram a afirmar<\/a>\u00a0que a melhor sa\u00edda para a conviv\u00eancia entre a tecnologia 5G e o sistema de televis\u00e3o com recep\u00e7\u00e3o por sat\u00e9lite (TVRO) seria a migra\u00e7\u00e3o das atuais recep\u00e7\u00f5es domesticas alocadas na banda C para a Ku. O setor diz que esta \u00e9 a pol\u00edtica p\u00fablica mais adequada pelo aspecto social e t\u00e9cnico e garante o uso eficiente da faixa de 3,5 GHz, objeto do edital.<\/p>\n<p style=\"text-align: justify;\">Paras as entidades, toda e qualquer tentativa de seguir com uma solu\u00e7\u00e3o de mitiga\u00e7\u00e3o diferente desta significaria desperd\u00edcio de recursos p\u00fablicos \u2013 a solu\u00e7\u00e3o proposta pelas teles \u00e9 a de uso de filtro LNB de nova gera\u00e7\u00e3o. As empresas de radiodifus\u00e3o afirmam que essa solu\u00e7\u00e3o t\u00e9cnica \u00e9 transit\u00f3ria e prec\u00e1ria, pass\u00edvel de modifica\u00e7\u00e3o a curto e m\u00e9dio prazos, o que exigiria mais esfor\u00e7os e a aloca\u00e7\u00e3o de novos recursos para todas as camadas da sociedade brasileira.<\/p>\n<p style=\"text-align: justify;\">&#8220;A solu\u00e7\u00e3o t\u00e9cnica de migra\u00e7\u00e3o para a banda Ku apresenta-se como um modelo alinhado \u00e0s pol\u00edticas p\u00fablicas internacionais de utiliza\u00e7\u00e3o do espectro, constituindo-se em uma solu\u00e7\u00e3o eficaz e definitiva, que atende \u00e0s vari\u00e1veis de adequa\u00e7\u00e3o, utilidade e uso eficiente de recursos que devem nortear as decis\u00f5es administrativas p\u00fablicas&#8221;, afirmam as entidades na contribui\u00e7\u00e3o. Segundo levantamento da Abratel, o custo para essa migra\u00e7\u00e3o seria de R$ 2,9 bilh\u00f5es.<\/p>\n<p style=\"text-align: justify;\">A Consulta P\u00fablica prop\u00f5e ainda altera\u00e7\u00f5es na\u00a0<a href=\"https:\/\/www.anatel.gov.br\/legislacao\/en\/resolucoes\/2019\/1285-resolucao-711\">Resolu\u00e7\u00e3o n\u00ba 711\/2019<\/a>\u00a0e no Regulamento sobre Condi\u00e7\u00f5es de Uso da Faixa de Radiofrequ\u00eancias de 3,5 GHz para colocar a destina\u00e7\u00e3o da faixa de 3,7 a 3,8 GHz para a presta\u00e7\u00e3o do Servi\u00e7o M\u00f3vel Pessoal (SMP) em car\u00e1ter prim\u00e1rio. Segundo a Abert, Abratel e SET, este aspecto refor\u00e7a que a solu\u00e7\u00e3o de migra\u00e7\u00e3o para a Banda Ku \u00e9 a mais efetiva e garantidora da necess\u00e1ria continuidade de recep\u00e7\u00e3o de televis\u00e3o aberta e gratuita, pelos sistemas dom\u00e9sticos de TVRO, em longo prazo.<\/p>\n<p style=\"text-align: justify;\">At\u00e9 o momento, alegam as associa\u00e7\u00f5es setoriais, a partir dos estudos t\u00e9cnicos conclu\u00eddos e debatidos pelos setores impactados com a entrada da tecnologia 5G nas faixas de 3,5 GHz, n\u00e3o existem resultados que garantam uma efetiva conviv\u00eancia da TVRO operando acima de 3,8 GHz e IMT na faixa de 3,7 a 3,8 GHz nas condi\u00e7\u00f5es propostas.<\/p>\n<p style=\"text-align: justify;\"><strong>Cen\u00e1rio internacional<\/strong><\/p>\n<p style=\"text-align: justify;\">As entidades mostram que a migra\u00e7\u00e3o para a banda Ku \u00e9 uma tend\u00eancia internacional e citam o que est\u00e1 acontecendo nos EUA. Dizem que &#8220;o presidente da FCC, Ajit Pai, revelou que a ag\u00eancia reguladora dos EUA realizar\u00e1 um leil\u00e3o p\u00fablico de 280 MHz da Banda C, considerada essencial para a viabiliza\u00e7\u00e3o dos servi\u00e7os 5G. Essa decis\u00e3o dos EUA, e seus desdobramentos naturais junto a outros pa\u00edses, vem a ratificar o entendimento de que a banda C estendida (3,625 a 4,2 GHz) estar\u00e1 integralmente destinada, a curto e m\u00e9dio prazos, ao 5G. A escalada internacional da banda larga sem fio, na faixa de 3,6 a 4,2 GHz, torna a migra\u00e7\u00e3o para a banda Ku uma solu\u00e7\u00e3o efetiva para a continuidade das recep\u00e7\u00f5es dom\u00e9sticas de TVRO&#8221;, dizem as entidades.<\/p>\n<p style=\"text-align: justify;\"><strong>Redistribui\u00e7\u00e3o do sinal n\u00e3o \u00e9 solu\u00e7\u00e3o<\/strong><\/p>\n<p style=\"text-align: justify;\">A contribui\u00e7\u00e3o tamb\u00e9m diz que n\u00e3o h\u00e1 nada que demonstre a viabilidade em redistribuir os sinais de TVRO para espectros localizados acima da faixa de 3,8 GHz. Tamb\u00e9m alega n\u00e3o haver como manter o pre\u00e7o do filtro LNBF com especifica\u00e7\u00f5es que garantam a conviv\u00eancia do 5G e da TVRO em patamares equivalentes aos pre\u00e7os atuais praticados no varejo. Para as radiodifusoras, essas n\u00e3o s\u00e3o as melhores sa\u00eddas.<\/p>\n<p style=\"text-align: justify;\"><strong>Premissas regulat\u00f3rias<\/strong><\/p>\n<p style=\"text-align: justify;\">Na vis\u00e3o das associa\u00e7\u00f5es, as pol\u00edticas p\u00fablicas elaboradas para a migra\u00e7\u00e3o da banda C para a banda Ku devem ter como premissas regulat\u00f3rias a preserva\u00e7\u00e3o das recep\u00e7\u00f5es do sinal nos lares brasileiros que dele necessitam. Por isso, devem dispensar recursos para custear a adequa\u00e7\u00e3o da recep\u00e7\u00e3o das fam\u00edlias de baixa renda que sejam participantes de programas sociais do Governo Federal (Cadastro \u00danico) e atualmente atendidas por sistemas de recep\u00e7\u00e3o dom\u00e9stica de TVRO de banda C.<\/p>\n<p style=\"text-align: justify;\">Fonte: Televiva<\/p>\n","protected":false},"excerpt":{"rendered":"<p>Na\u00a0Consulta P\u00fablica n\u00ba 9 promovida pela Anatel\u00a0para discutir o edital&hellip;<\/p>\n<p> <a class=\"more-link\" href=\"https:\/\/sertsc.org.br\/site\/radiodifusores-banda-ku-ainda-e-unica-saida-para-convivencia-entre-5g-e-tvro\/\">Leia mais<\/a><\/p>\n","protected":false},"author":1,"featured_media":12382,"comment_status":"closed","ping_status":"open","sticky":false,"template":"","format":"standard","meta":{"footnotes":""},"categories":[3],"tags":[],"class_list":{"0":"post-12381","1":"post","2":"type-post","3":"status-publish","4":"format-standard","5":"has-post-thumbnail","7":"category-noticias"},"_links":{"self":[{"href":"https:\/\/sertsc.org.br\/site\/wp-json\/wp\/v2\/posts\/12381","targetHints":{"allow":["GET"]}}],"collection":[{"href":"https:\/\/sertsc.org.br\/site\/wp-json\/wp\/v2\/posts"}],"about":[{"href":"https:\/\/sertsc.org.br\/site\/wp-json\/wp\/v2\/types\/post"}],"author":[{"embeddable":true,"href":"https:\/\/sertsc.org.br\/site\/wp-json\/wp\/v2\/users\/1"}],"replies":[{"embeddable":true,"href":"https:\/\/sertsc.org.br\/site\/wp-json\/wp\/v2\/comments?post=12381"}],"version-history":[{"count":0,"href":"https:\/\/sertsc.org.br\/site\/wp-json\/wp\/v2\/posts\/12381\/revisions"}],"wp:featuredmedia":[{"embeddable":true,"href":"https:\/\/sertsc.org.br\/site\/wp-json\/"}],"wp:attachment":[{"href":"https:\/\/sertsc.org.br\/site\/wp-json\/wp\/v2\/media?parent=12381"}],"wp:term":[{"taxonomy":"category","embeddable":true,"href":"https:\/\/sertsc.org.br\/site\/wp-json\/wp\/v2\/categories?post=12381"},{"taxonomy":"post_tag","embeddable":true,"href":"https:\/\/sertsc.org.br\/site\/wp-json\/wp\/v2\/tags?post=12381"}],"curies":[{"name":"wp","href":"https:\/\/api.w.org\/{rel}","templated":true}]}}