{"id":12351,"date":"2020-04-15T11:23:54","date_gmt":"2020-04-15T14:23:54","guid":{"rendered":"http:\/\/www.sertsc.org.br\/site\/?p=12351"},"modified":"2020-04-15T11:23:54","modified_gmt":"2020-04-15T14:23:54","slug":"brasileiros-viram-tv-por-em-media-7h54-diarias-na-ultima-semana","status":"publish","type":"post","link":"https:\/\/sertsc.org.br\/site\/brasileiros-viram-tv-por-em-media-7h54-diarias-na-ultima-semana\/","title":{"rendered":"Brasileiros viram TV por, em m\u00e9dia, 7h54 di\u00e1rias na \u00faltima semana"},"content":{"rendered":"<p style=\"text-align: justify;\">Durante a quarentena, a audi\u00eancia de TV apresentou crescimento em todo o pa\u00eds, especialmente os canais pagos, que<a href=\"https:\/\/telaviva.com.br\/09\/04\/2020\/audiencia-da-tv-paga-aumenta-20-na-quarentena\/\">\u00a0j\u00e1 registraram aumento de 20%<\/a>.\u00a0 Dados da Kantar Ibope Media apontam que, al\u00e9m de mais brasileiros estarem assistindo \u00e0 televis\u00e3o, a popula\u00e7\u00e3o est\u00e1 dedicando mais tempo \u00e0 atividade diariamente.<\/p>\n<p style=\"text-align: justify;\">Na \u00faltima semana, o tempo m\u00e9dio que cada pessoa passou vendo TV por dia foi de 7h54 \u2013 um aumento de 1h20 em rela\u00e7\u00e3o \u00e0 primeira semana de mar\u00e7o, antes da chegada da pandemia no Brasil. O n\u00famero de horas na frente da televis\u00e3o cresceu em todas as regi\u00f5es: 1h31 na regi\u00e3o Sul, 1h23 no Nordeste, 1h20 no Sudeste, 1h18 no Centro-Oeste e 59 minutos no Norte.<\/p>\n<p style=\"text-align: justify;\">\n<p style=\"text-align: justify;\">Fonte: TelaViva<\/p>\n","protected":false},"excerpt":{"rendered":"<p>Durante a quarentena, a audi\u00eancia de TV apresentou crescimento em&hellip;<\/p>\n<p> <a class=\"more-link\" href=\"https:\/\/sertsc.org.br\/site\/brasileiros-viram-tv-por-em-media-7h54-diarias-na-ultima-semana\/\">Leia mais<\/a><\/p>\n","protected":false},"author":1,"featured_media":12352,"comment_status":"closed","ping_status":"open","sticky":false,"template":"","format":"standard","meta":{"footnotes":""},"categories":[33],"tags":[],"class_list":{"0":"post-12351","1":"post","2":"type-post","3":"status-publish","4":"format-standard","5":"has-post-thumbnail","7":"category-destaques"},"_links":{"self":[{"href":"https:\/\/sertsc.org.br\/site\/wp-json\/wp\/v2\/posts\/12351","targetHints":{"allow":["GET"]}}],"collection":[{"href":"https:\/\/sertsc.org.br\/site\/wp-json\/wp\/v2\/posts"}],"about":[{"href":"https:\/\/sertsc.org.br\/site\/wp-json\/wp\/v2\/types\/post"}],"author":[{"embeddable":true,"href":"https:\/\/sertsc.org.br\/site\/wp-json\/wp\/v2\/users\/1"}],"replies":[{"embeddable":true,"href":"https:\/\/sertsc.org.br\/site\/wp-json\/wp\/v2\/comments?post=12351"}],"version-history":[{"count":0,"href":"https:\/\/sertsc.org.br\/site\/wp-json\/wp\/v2\/posts\/12351\/revisions"}],"wp:featuredmedia":[{"embeddable":true,"href":"https:\/\/sertsc.org.br\/site\/wp-json\/"}],"wp:attachment":[{"href":"https:\/\/sertsc.org.br\/site\/wp-json\/wp\/v2\/media?parent=12351"}],"wp:term":[{"taxonomy":"category","embeddable":true,"href":"https:\/\/sertsc.org.br\/site\/wp-json\/wp\/v2\/categories?post=12351"},{"taxonomy":"post_tag","embeddable":true,"href":"https:\/\/sertsc.org.br\/site\/wp-json\/wp\/v2\/tags?post=12351"}],"curies":[{"name":"wp","href":"https:\/\/api.w.org\/{rel}","templated":true}]}}