{"id":12313,"date":"2020-04-13T14:49:21","date_gmt":"2020-04-13T17:49:21","guid":{"rendered":"http:\/\/www.sertsc.org.br\/site\/?p=12313"},"modified":"2020-04-13T14:49:21","modified_gmt":"2020-04-13T17:49:21","slug":"pagamento-do-fistel-podera-ser-parcelado-preve-mp","status":"publish","type":"post","link":"https:\/\/sertsc.org.br\/site\/pagamento-do-fistel-podera-ser-parcelado-preve-mp\/","title":{"rendered":"Pagamento do FISTEL poder\u00e1 ser parcelado, prev\u00ea MP"},"content":{"rendered":"<p style=\"text-align: justify;\">Os recursos das taxas do Fistel deveria ter sido recolhidos no dia 31 de mar\u00e7o. Anatel prorrogou 15 dias esse prazo e a Medida Provis\u00f3ria est\u00e1 pronta para consolidar o adiamento para agosto em cinco parcelas.<\/p>\n<p style=\"text-align: justify;\">A Medida Provis\u00f3ria que ir\u00e1 dar mais prazo para que as operadoras de telecomunica\u00e7\u00f5es fa\u00e7am o recolhimento das taxas do Fistel (Fundo de Fiscaliza\u00e7\u00e3o das Telecomunica\u00e7\u00f5es) tamb\u00e9m permitir\u00e1 que o recolhimento desse tributo, no valor de mais de R$ 4 bilh\u00f5es, seja parcelado em cinco vezes, e n\u00e3o pago uma \u00fanica vez, como estabelece a lei do fundo.<\/p>\n<p style=\"text-align: justify;\">A MP est\u00e1 pronta para ser editada, e, se n\u00e3o for publicada ainda hoje, quinta-feira, 9 em edi\u00e7\u00e3o extra do Di\u00e1rio Oficial da Uni\u00e3o, ser\u00e1 publicada antes do t\u00e9rmino do prazo de 15 dias concedido pela Anatel para que o dep\u00f3sito seja feito.<\/p>\n<p style=\"text-align: justify;\">Conforme a legisla\u00e7\u00e3o, o recolhimento das taxas do Fistel deve ser efetivado todo o dia 31 de mar\u00e7o de cada ano, referente \u00e0 base de celulares e demais aparelhos de telecomunica\u00e7\u00f5es instalados no exerc\u00edcio anterior. Este ano, devido \u00e0 pandemia, a ag\u00eancia reguladora estendeu o prazo, j\u00e1 na expectativa de que o setor conseguisse ter o seu pleito aprovado pelo governo.<\/p>\n<p style=\"text-align: justify;\">Essa iniciativa legal ir\u00e1 prever que o pagamento comece a ser feito a partir de agosto deste ano, devido \u00e0 pandemia do coronav\u00edrus, e seja dividido em cinco presta\u00e7\u00f5es.<\/p>\n<div id=\"njcdgcofcbnlbpkpdhmlmiblaglnkpnj\"><\/div>\n","protected":false},"excerpt":{"rendered":"<p>Os recursos das taxas do Fistel deveria ter sido recolhidos&hellip;<\/p>\n<p> <a class=\"more-link\" href=\"https:\/\/sertsc.org.br\/site\/pagamento-do-fistel-podera-ser-parcelado-preve-mp\/\">Leia mais<\/a><\/p>\n","protected":false},"author":1,"featured_media":12314,"comment_status":"closed","ping_status":"open","sticky":false,"template":"","format":"standard","meta":{"footnotes":""},"categories":[33],"tags":[],"class_list":{"0":"post-12313","1":"post","2":"type-post","3":"status-publish","4":"format-standard","5":"has-post-thumbnail","7":"category-destaques"},"_links":{"self":[{"href":"https:\/\/sertsc.org.br\/site\/wp-json\/wp\/v2\/posts\/12313","targetHints":{"allow":["GET"]}}],"collection":[{"href":"https:\/\/sertsc.org.br\/site\/wp-json\/wp\/v2\/posts"}],"about":[{"href":"https:\/\/sertsc.org.br\/site\/wp-json\/wp\/v2\/types\/post"}],"author":[{"embeddable":true,"href":"https:\/\/sertsc.org.br\/site\/wp-json\/wp\/v2\/users\/1"}],"replies":[{"embeddable":true,"href":"https:\/\/sertsc.org.br\/site\/wp-json\/wp\/v2\/comments?post=12313"}],"version-history":[{"count":0,"href":"https:\/\/sertsc.org.br\/site\/wp-json\/wp\/v2\/posts\/12313\/revisions"}],"wp:featuredmedia":[{"embeddable":true,"href":"https:\/\/sertsc.org.br\/site\/wp-json\/"}],"wp:attachment":[{"href":"https:\/\/sertsc.org.br\/site\/wp-json\/wp\/v2\/media?parent=12313"}],"wp:term":[{"taxonomy":"category","embeddable":true,"href":"https:\/\/sertsc.org.br\/site\/wp-json\/wp\/v2\/categories?post=12313"},{"taxonomy":"post_tag","embeddable":true,"href":"https:\/\/sertsc.org.br\/site\/wp-json\/wp\/v2\/tags?post=12313"}],"curies":[{"name":"wp","href":"https:\/\/api.w.org\/{rel}","templated":true}]}}