{"id":12255,"date":"2020-04-07T14:45:45","date_gmt":"2020-04-07T17:45:45","guid":{"rendered":"http:\/\/www.sertsc.org.br\/site\/?p=12255"},"modified":"2020-04-07T14:45:45","modified_gmt":"2020-04-07T17:45:45","slug":"governo-libera-multiprogramacao-na-tv-aberta-para-conteudos-educativos","status":"publish","type":"post","link":"https:\/\/sertsc.org.br\/site\/governo-libera-multiprogramacao-na-tv-aberta-para-conteudos-educativos\/","title":{"rendered":"Governo libera multiprograma\u00e7\u00e3o na TV aberta para conte\u00fados educativos"},"content":{"rendered":"<p style=\"text-align: justify;\">O Poder Executivo autorizou, por meio do\u00a0<a href=\"http:\/\/www.in.gov.br\/en\/web\/dou\/-\/decreto-n-10.312-de-4-de-abril-de-2020-251139882\" rel=\"nofollow external noopener noreferrer\" data-wpel-link=\"external\">Decreto 10.312\/2020, publicado na edi\u00e7\u00e3o do Di\u00e1rio Oficial da Uni\u00e3o da \u00faltima sexta-feira, 4<\/a>, as emissoras de televis\u00e3o comerciais e educativas com tecnologia digital a utilizarem por um per\u00edodo de 12 meses o recurso de multiprograma\u00e7\u00e3o para oferecer conte\u00fado espec\u00edfico para as atividades de educa\u00e7\u00e3o, ci\u00eancia, tecnologia, inova\u00e7\u00f5es, cidadania e sa\u00fade em raz\u00e3o da pandemia do coronav\u00edrus. O uso do recurso dever\u00e1 ser feito por meio de parcerias das emissoras com a Uni\u00e3o, estados, Distrito Federal e munic\u00edpios.<\/p>\n<p style=\"text-align: justify;\">No Sistema Brasileiro de TV Digital (SBTVD) esse recurso s\u00f3 \u00e9 permitido para os canais consignados a \u00f3rg\u00e3os e entidades integrantes dos poderes da Uni\u00e3o: TV Brasil (EBC), TV C\u00e2mara, TV Senado e TV Justi\u00e7a. O decreto presidencial amplia essa permiss\u00e3o para as todas as emissoras comerciais e educativas do Brasil em raz\u00e3o da pandemia.<\/p>\n<p style=\"text-align: justify;\"><strong>Multiprograma\u00e7\u00e3o<\/strong><\/p>\n<p style=\"text-align: justify;\">A multiprograma\u00e7\u00e3o \u00e9 um recurso da TV digital que permite a um mesmo canal transmitir programa\u00e7\u00f5es simult\u00e2neas em at\u00e9 quatro faixas de programa\u00e7\u00e3o.<\/p>\n<p style=\"text-align: justify;\">Depois de celebrado o conv\u00eanio com as administra\u00e7\u00f5es, as emissoras dever\u00e3o comunicar a utiliza\u00e7\u00e3o do recurso ao Minist\u00e9rio da Ci\u00eancia, Tecnologia, Inova\u00e7\u00f5es e Comunica\u00e7\u00f5es (MCTIC), no prazo de 30 dias, acompanhada de c\u00f3pia do conv\u00eanio ou do instrumento cong\u00eanere celebrado para o estabelecimento de parceria.<\/p>\n<p style=\"text-align: justify;\">Para o secret\u00e1rio de Radiodifus\u00e3o do MCTIC, Elifas Gurgel, &#8220;a medida faz parte do esfor\u00e7o do MCTIC para permitir o acesso da sociedade \u00e0 educa\u00e7\u00e3o nesse per\u00edodo. Momentaneamente, as emissoras de TV poder\u00e3o ter at\u00e9 quatro canais de programa\u00e7\u00e3o para oferecer o conte\u00fado previsto no decreto&#8221;.<\/p>\n<p style=\"text-align: justify;\">Fonte: Teletime<\/p>\n","protected":false},"excerpt":{"rendered":"<p>O Poder Executivo autorizou, por meio do\u00a0Decreto 10.312\/2020, publicado na&hellip;<\/p>\n<p> <a class=\"more-link\" href=\"https:\/\/sertsc.org.br\/site\/governo-libera-multiprogramacao-na-tv-aberta-para-conteudos-educativos\/\">Leia mais<\/a><\/p>\n","protected":false},"author":1,"featured_media":12256,"comment_status":"closed","ping_status":"open","sticky":false,"template":"","format":"standard","meta":{"footnotes":""},"categories":[3],"tags":[],"class_list":{"0":"post-12255","1":"post","2":"type-post","3":"status-publish","4":"format-standard","5":"has-post-thumbnail","7":"category-noticias"},"_links":{"self":[{"href":"https:\/\/sertsc.org.br\/site\/wp-json\/wp\/v2\/posts\/12255","targetHints":{"allow":["GET"]}}],"collection":[{"href":"https:\/\/sertsc.org.br\/site\/wp-json\/wp\/v2\/posts"}],"about":[{"href":"https:\/\/sertsc.org.br\/site\/wp-json\/wp\/v2\/types\/post"}],"author":[{"embeddable":true,"href":"https:\/\/sertsc.org.br\/site\/wp-json\/wp\/v2\/users\/1"}],"replies":[{"embeddable":true,"href":"https:\/\/sertsc.org.br\/site\/wp-json\/wp\/v2\/comments?post=12255"}],"version-history":[{"count":0,"href":"https:\/\/sertsc.org.br\/site\/wp-json\/wp\/v2\/posts\/12255\/revisions"}],"wp:featuredmedia":[{"embeddable":true,"href":"https:\/\/sertsc.org.br\/site\/wp-json\/"}],"wp:attachment":[{"href":"https:\/\/sertsc.org.br\/site\/wp-json\/wp\/v2\/media?parent=12255"}],"wp:term":[{"taxonomy":"category","embeddable":true,"href":"https:\/\/sertsc.org.br\/site\/wp-json\/wp\/v2\/categories?post=12255"},{"taxonomy":"post_tag","embeddable":true,"href":"https:\/\/sertsc.org.br\/site\/wp-json\/wp\/v2\/tags?post=12255"}],"curies":[{"name":"wp","href":"https:\/\/api.w.org\/{rel}","templated":true}]}}