{"id":12251,"date":"2020-04-07T14:39:56","date_gmt":"2020-04-07T17:39:56","guid":{"rendered":"http:\/\/www.sertsc.org.br\/site\/?p=12251"},"modified":"2020-04-07T14:39:56","modified_gmt":"2020-04-07T17:39:56","slug":"nova-pesquisa-mostra-que-53-dos-consumidores-preferem-que-marcas-comuniquem-suas-acoes-pelo-radio-e-tv","status":"publish","type":"post","link":"https:\/\/sertsc.org.br\/site\/nova-pesquisa-mostra-que-53-dos-consumidores-preferem-que-marcas-comuniquem-suas-acoes-pelo-radio-e-tv\/","title":{"rendered":"Nova pesquisa mostra que 53% dos consumidores preferem que marcas comuniquem suas a\u00e7\u00f5es pelo r\u00e1dio e TV"},"content":{"rendered":"<p style=\"text-align: justify;\">Em meio \u00e0 crise do coronav\u00edrus, que est\u00e1 fazendo com que as pessoas fiquem em casa e as empresas mantenham suas portas fechando (no caso de n\u00e3o serem de servi\u00e7o essencial), a Edelman realizou um levantamento para saber da popula\u00e7\u00e3o como as empresas devem proceder durante este per\u00edodo. Para mais da metade dos pesquisados, as empresas devem comunicar suas a\u00e7\u00f5es por meio das m\u00eddias tradicionais.<\/p>\n<p style=\"text-align: justify;\">O levantamento foi realizado entre os dias 20 e 23 de mar\u00e7o e divulgado nesta segunda-feira (6). A pesquisa mostrou que mais da metade (53%) dos brasileiros prefere que as empresas comuniquem suas a\u00e7\u00f5es durante a pandemia do novo coronav\u00edrus por meios consolidados, como r\u00e1dio, jornal e TV.<\/p>\n<p style=\"text-align: justify;\">O resultado ainda aponta as redes sociais Facebook (49%), Instagram (46%), o site da marca e o email, com 40% da prefer\u00eancia. O relat\u00f3rio ouviu 12 mil pessoas de 12 pa\u00edses para avaliar a confian\u00e7a nas marcas durante a epidemia da Covid-19. O per\u00edodo das entrevistas foi de 20 a 23 de mar\u00e7o.<\/p>\n<p style=\"text-align: justify;\">Segundo a conclus\u00e3o do levantamento, este \u00e9 o momento para as marcas aparecerem em vez de se omitirem. No mundo, 45% dos entrevistados preferem os meios consolidados para a veicula\u00e7\u00e3o de informa\u00e7\u00f5es das companhias durante a pandemia. Depois, optam por email (42%), site da marca (33%), Facebook (31%), Instagram.<\/p>\n<p style=\"text-align: justify;\">Outro dado importante do levantamento \u00e9 que os ve\u00edculos de comunica\u00e7\u00e3o nacionais e locais s\u00f3 apareceram atr\u00e1s dos sites das marcas na avalia\u00e7\u00e3o sobre a credibilidade de um conte\u00fado corporativo. Quarenta e seis por cento dizem que acreditam em uma informa\u00e7\u00e3o ao v\u00ea-la uma ou duas vezes em ve\u00edculos nacionais ou locais. Nas redes sociais, s\u00e3o 37%.<\/p>\n<p style=\"text-align: justify;\">Um levantamento do\u00a0<strong><a href=\"https:\/\/tudoradio.com\/noticias\/ver\/23211-coronavirus-radio-tv-e-jornais-impressos-registram-indices-a-partir-de-50-para-confianca-sobre-informacoes-relacionadas-a-pandemia\">Datafolha mostrou que a maioria das pessoas acreditam mais nos principais meios de comunica\u00e7\u00e3o da imprensa profissional<\/a><\/strong>\u00a0(TV, R\u00e1dio e jornal) na divulga\u00e7\u00e3o de informa\u00e7\u00f5es sobre a crise do novo coronav\u00edrus. Essa percep\u00e7\u00e3o tamb\u00e9m\u00a0<strong><a href=\"https:\/\/tudoradio.com\/noticias\/ver\/23253-o-radio-hoje-coronavirus-impacta-diretamente-na-audiencia-e-no-comercial-de-radio-em-diferentes-paises-do-mundo\">\u00e9 notada em outros mercados pelo mundo<\/a><\/strong>, como\u00a0<strong><a href=\"https:\/\/tudoradio.com\/noticias\/ver\/23292-o-radio-hoje-estudos-espanhois-destacam-crescimento-da-audiencia-online-do-radio-durante-o-isolamento-social-credibilidade-do-meio-e-alta\">na Espanha, conforme publicado nesta ter\u00e7a-feira<\/a><\/strong>\u00a0pelo\u00a0tudoradio.com.<\/p>\n<p style=\"text-align: justify;\">Fonte: Tudor\u00e1dio<\/p>\n","protected":false},"excerpt":{"rendered":"<p>Em meio \u00e0 crise do coronav\u00edrus, que est\u00e1 fazendo com&hellip;<\/p>\n<p> <a class=\"more-link\" href=\"https:\/\/sertsc.org.br\/site\/nova-pesquisa-mostra-que-53-dos-consumidores-preferem-que-marcas-comuniquem-suas-acoes-pelo-radio-e-tv\/\">Leia mais<\/a><\/p>\n","protected":false},"author":1,"featured_media":12252,"comment_status":"closed","ping_status":"open","sticky":false,"template":"","format":"standard","meta":{"footnotes":""},"categories":[3],"tags":[],"class_list":{"0":"post-12251","1":"post","2":"type-post","3":"status-publish","4":"format-standard","5":"has-post-thumbnail","7":"category-noticias"},"_links":{"self":[{"href":"https:\/\/sertsc.org.br\/site\/wp-json\/wp\/v2\/posts\/12251","targetHints":{"allow":["GET"]}}],"collection":[{"href":"https:\/\/sertsc.org.br\/site\/wp-json\/wp\/v2\/posts"}],"about":[{"href":"https:\/\/sertsc.org.br\/site\/wp-json\/wp\/v2\/types\/post"}],"author":[{"embeddable":true,"href":"https:\/\/sertsc.org.br\/site\/wp-json\/wp\/v2\/users\/1"}],"replies":[{"embeddable":true,"href":"https:\/\/sertsc.org.br\/site\/wp-json\/wp\/v2\/comments?post=12251"}],"version-history":[{"count":0,"href":"https:\/\/sertsc.org.br\/site\/wp-json\/wp\/v2\/posts\/12251\/revisions"}],"wp:featuredmedia":[{"embeddable":true,"href":"https:\/\/sertsc.org.br\/site\/wp-json\/"}],"wp:attachment":[{"href":"https:\/\/sertsc.org.br\/site\/wp-json\/wp\/v2\/media?parent=12251"}],"wp:term":[{"taxonomy":"category","embeddable":true,"href":"https:\/\/sertsc.org.br\/site\/wp-json\/wp\/v2\/categories?post=12251"},{"taxonomy":"post_tag","embeddable":true,"href":"https:\/\/sertsc.org.br\/site\/wp-json\/wp\/v2\/tags?post=12251"}],"curies":[{"name":"wp","href":"https:\/\/api.w.org\/{rel}","templated":true}]}}