{"id":12191,"date":"2020-04-01T10:11:23","date_gmt":"2020-04-01T13:11:23","guid":{"rendered":"http:\/\/www.sertsc.org.br\/site\/?p=12191"},"modified":"2020-04-01T10:11:23","modified_gmt":"2020-04-01T13:11:23","slug":"nada-sera-como-antes","status":"publish","type":"post","link":"https:\/\/sertsc.org.br\/site\/nada-sera-como-antes\/","title":{"rendered":"Nada ser\u00e1 como antes"},"content":{"rendered":"<p style=\"text-align: justify;\"><em>Por Fernando Morgado &#8211; Assessor do SERT\/SC, professor universit\u00e1rio e escritor<\/em><\/p>\n<p style=\"text-align: justify;\">A pandemia do novo coronav\u00edrus colocou o mundo em xeque. A forma como as pessoas se relacionam entre si e com institui\u00e7\u00f5es foi completamente alterada. Quando esta fase passar, nada ser\u00e1 como antes.<\/p>\n<p style=\"text-align: justify;\">As marcas precisam estar sens\u00edveis \u00e0s transforma\u00e7\u00f5es impostas pela quarentena, como o expressivo aumento de audi\u00eancia registrado pelas m\u00eddias ditas tradicionais, o not\u00f3rio descr\u00e9dito \u00e0s redes sociais como fonte de informa\u00e7\u00e3o, a populariza\u00e7\u00e3o do trabalho remoto e a crescente demanda por entregas a domic\u00edlio. H\u00e1 tamb\u00e9m um anseio do p\u00fablico por mais compaix\u00e3o e solidariedade, afinal vivemos a maior crise de sa\u00fade p\u00fablica da hist\u00f3ria recente da humanidade, com dezenas de milhares de mortos e mais de meio milh\u00e3o de infectados at\u00e9 o momento.<\/p>\n<p style=\"text-align: justify;\">Muitas dessas mudan\u00e7as de comportamento permanecer\u00e3o, ainda que menos intensas, quando a crise arrefecer. Portanto, a partir do instante em que a din\u00e2mica econ\u00f4mica come\u00e7ar a ser retomada, as empresas n\u00e3o poder\u00e3o ser t\u00e3o frias ao ponto de simplesmente darem sequ\u00eancia ao que planejaram no j\u00e1 long\u00ednquo ano de 2019. Mais do que nunca, \u00e9 preciso valer-se de agilidade, intelig\u00eancia e, sobretudo, cuidado para adequar as marcas ao momento atual e, assim, preservar a imagem que elas possuem perante os consumidores.<\/p>\n<p style=\"text-align: justify;\">Algumas grandes companhias t\u00eam sido exemplares, adotando um tom mais s\u00f3brio na comunica\u00e7\u00e3o, demonstrando coopera\u00e7\u00e3o com \u00f3rg\u00e3os de sa\u00fade e at\u00e9 com concorrentes, informando atitudes tomadas para proteger seus empregados e valorizando a\u00e7\u00f5es de responsabilidade social. Muito disso\u00a0 precisa continuar e se transformar em legado.<\/p>\n<p style=\"text-align: justify;\">Para os milh\u00f5es que n\u00e3o podem circular pelas ruas, a m\u00eddia se transformou na principal &#8211; ou at\u00e9 mesmo na \u00fanica &#8211; forma de tomarem contato com o\u00a0 mundo exterior. \u00c9 atrav\u00e9s da TV, do r\u00e1dio e dos meios impressos que as pessoas formam suas opini\u00f5es e, a partir delas, tomam decis\u00f5es que interferem nas suas vidas. Mais que uma mera quest\u00e3o de consumo, \u00e9 uma quest\u00e3o de sobreviv\u00eancia.<\/p>\n<p style=\"text-align: justify;\">Para que as marcas atravessem esse rio agitado e cheguem a outra margem, \u00e9 preciso sensibilidade. \u00c9 hora de mostrar que o capitalismo tem alma e cora\u00e7\u00e3o.<\/p>\n<p style=\"text-align: justify;\"><em>Artigo originalmente publicado na edi\u00e7\u00e3o de 1 de abril de 2020 do jornal Not\u00edcias do Dia, de Florian\u00f3polis.<\/em><\/p>\n","protected":false},"excerpt":{"rendered":"<p>Por Fernando Morgado &#8211; Assessor do SERT\/SC, professor universit\u00e1rio e&hellip;<\/p>\n<p> <a class=\"more-link\" href=\"https:\/\/sertsc.org.br\/site\/nada-sera-como-antes\/\">Leia mais<\/a><\/p>\n","protected":false},"author":1,"featured_media":13532,"comment_status":"closed","ping_status":"open","sticky":false,"template":"","format":"standard","meta":{"footnotes":""},"categories":[36],"tags":[],"class_list":{"0":"post-12191","1":"post","2":"type-post","3":"status-publish","4":"format-standard","5":"has-post-thumbnail","7":"category-artigos"},"_links":{"self":[{"href":"https:\/\/sertsc.org.br\/site\/wp-json\/wp\/v2\/posts\/12191","targetHints":{"allow":["GET"]}}],"collection":[{"href":"https:\/\/sertsc.org.br\/site\/wp-json\/wp\/v2\/posts"}],"about":[{"href":"https:\/\/sertsc.org.br\/site\/wp-json\/wp\/v2\/types\/post"}],"author":[{"embeddable":true,"href":"https:\/\/sertsc.org.br\/site\/wp-json\/wp\/v2\/users\/1"}],"replies":[{"embeddable":true,"href":"https:\/\/sertsc.org.br\/site\/wp-json\/wp\/v2\/comments?post=12191"}],"version-history":[{"count":0,"href":"https:\/\/sertsc.org.br\/site\/wp-json\/wp\/v2\/posts\/12191\/revisions"}],"wp:featuredmedia":[{"embeddable":true,"href":"https:\/\/sertsc.org.br\/site\/wp-json\/"}],"wp:attachment":[{"href":"https:\/\/sertsc.org.br\/site\/wp-json\/wp\/v2\/media?parent=12191"}],"wp:term":[{"taxonomy":"category","embeddable":true,"href":"https:\/\/sertsc.org.br\/site\/wp-json\/wp\/v2\/categories?post=12191"},{"taxonomy":"post_tag","embeddable":true,"href":"https:\/\/sertsc.org.br\/site\/wp-json\/wp\/v2\/tags?post=12191"}],"curies":[{"name":"wp","href":"https:\/\/api.w.org\/{rel}","templated":true}]}}