{"id":12024,"date":"2020-03-01T11:45:25","date_gmt":"2020-03-01T14:45:25","guid":{"rendered":"http:\/\/www.sertsc.org.br\/site\/?p=12024"},"modified":"2020-03-01T11:45:25","modified_gmt":"2020-03-01T14:45:25","slug":"santa-catarina-pensando-grande","status":"publish","type":"post","link":"https:\/\/sertsc.org.br\/site\/santa-catarina-pensando-grande\/","title":{"rendered":"Santa Catarina pensando grande"},"content":{"rendered":"<p style=\"text-align: justify;\"><em>Por Fernando Morgado, Assessor do SERT\/SC, professor universit\u00e1rio e escritor<\/em><\/p>\n<p style=\"text-align: justify;\">Um movimento toma Santa Catarina: leva informa\u00e7\u00e3o, exorta uni\u00e3o \u2014 inclusive entre concorrentes hist\u00f3ricos \u2014, desfaz mitos, mexe com os brios do p\u00fablico e serve de exemplo para o Brasil. Trata-se do &#8220;Pense grande: pense r\u00e1dio, pense TV&#8221;, promovido pela Associa\u00e7\u00e3o Catarinense de Emissoras de R\u00e1dio e Televis\u00e3o &#8211; ACAERT.<\/p>\n<p style=\"text-align: justify;\">Causou impacto o an\u00fancio de lan\u00e7amento do movimento, que reuniu figuras de todas as emissoras do estado. Contam-se nos dedos as vezes em que tal coopera\u00e7\u00e3o foi vista na televis\u00e3o brasileira, que completa 70 anos em 2020. Em tempos nos quais o radicalismo d\u00e1 o tom, \u00e9 inspirador ver pessoas que se digladiam por audi\u00eancia compartilharem a mesma tela.<\/p>\n<p style=\"text-align: justify;\">Agora, o &#8220;Pense grande: pense r\u00e1dio, pense TV&#8221; vive uma nova fase. Eventos levam dados e an\u00e1lises para diversas regi\u00f5es do estado. Sou um dos palestrantes desse\u00a0<em>road show<\/em>, que tamb\u00e9m conta com a fala de Ta\u00eds Souza, gerente de servi\u00e7os ao cliente da Kantar IBOPE Media em Santa Catarina. Na plateia, profissionais de ag\u00eancias de propaganda, empresas anunciantes e ve\u00edculos refletem sobre seus trabalhos e investimentos, deixando de lado preconceitos e histerias a respeito do presente e, sobretudo, do futuro da m\u00eddia de massa. Como digo nas minhas palestras, m\u00eddias n\u00e3o morrem. O que morre s\u00e3o aparelhos antigos e m\u00e9todos ultrapassados.<\/p>\n<p style=\"text-align: justify;\">Ao final de cada apresenta\u00e7\u00e3o, \u00e9 vis\u00edvel o entusiasmo que toma conta das pessoas. Diante do mar de mentiras que avan\u00e7a sobre a Internet, faz bem lembrar o papel positivo que a comunica\u00e7\u00e3o profissional exerce na economia e na sociedade em geral.<\/p>\n<p style=\"text-align: justify;\">Depois de Blumenau, Joinville, Chapec\u00f3 e Lages, o\u00a0<em>road show<\/em>\u00a0do &#8220;Pense grande: pense r\u00e1dio, pense TV&#8221; passar\u00e1 por Florian\u00f3polis e Crici\u00fama. As palestras s\u00e3o gratuitas e abertas a todos, da mesma forma que s\u00e3o as programa\u00e7\u00f5es geradas pelas empresas de radiodifus\u00e3o. E \u00e9 com esse esp\u00edrito livre que Santa Catarina luta contra as\u00a0<em>fake news<\/em>\u00a0e torna-se refer\u00eancia para os demais estados brasileiros.<\/p>\n","protected":false},"excerpt":{"rendered":"<p>Por Fernando Morgado, Assessor do SERT\/SC, professor universit\u00e1rio e escritor&hellip;<\/p>\n<p> <a class=\"more-link\" href=\"https:\/\/sertsc.org.br\/site\/santa-catarina-pensando-grande\/\">Leia mais<\/a><\/p>\n","protected":false},"author":1,"featured_media":11773,"comment_status":"closed","ping_status":"open","sticky":false,"template":"","format":"standard","meta":{"footnotes":""},"categories":[36],"tags":[],"class_list":{"0":"post-12024","1":"post","2":"type-post","3":"status-publish","4":"format-standard","5":"has-post-thumbnail","7":"category-artigos"},"_links":{"self":[{"href":"https:\/\/sertsc.org.br\/site\/wp-json\/wp\/v2\/posts\/12024","targetHints":{"allow":["GET"]}}],"collection":[{"href":"https:\/\/sertsc.org.br\/site\/wp-json\/wp\/v2\/posts"}],"about":[{"href":"https:\/\/sertsc.org.br\/site\/wp-json\/wp\/v2\/types\/post"}],"author":[{"embeddable":true,"href":"https:\/\/sertsc.org.br\/site\/wp-json\/wp\/v2\/users\/1"}],"replies":[{"embeddable":true,"href":"https:\/\/sertsc.org.br\/site\/wp-json\/wp\/v2\/comments?post=12024"}],"version-history":[{"count":0,"href":"https:\/\/sertsc.org.br\/site\/wp-json\/wp\/v2\/posts\/12024\/revisions"}],"wp:featuredmedia":[{"embeddable":true,"href":"https:\/\/sertsc.org.br\/site\/wp-json\/"}],"wp:attachment":[{"href":"https:\/\/sertsc.org.br\/site\/wp-json\/wp\/v2\/media?parent=12024"}],"wp:term":[{"taxonomy":"category","embeddable":true,"href":"https:\/\/sertsc.org.br\/site\/wp-json\/wp\/v2\/categories?post=12024"},{"taxonomy":"post_tag","embeddable":true,"href":"https:\/\/sertsc.org.br\/site\/wp-json\/wp\/v2\/tags?post=12024"}],"curies":[{"name":"wp","href":"https:\/\/api.w.org\/{rel}","templated":true}]}}