{"id":12021,"date":"2020-03-17T10:07:56","date_gmt":"2020-03-17T13:07:56","guid":{"rendered":"http:\/\/www.sertsc.org.br\/site\/?p=12021"},"modified":"2020-03-17T10:07:56","modified_gmt":"2020-03-17T13:07:56","slug":"coronavirus-radios-e-tvs-de-santa-catarina-prestam-servico","status":"publish","type":"post","link":"https:\/\/sertsc.org.br\/site\/coronavirus-radios-e-tvs-de-santa-catarina-prestam-servico\/","title":{"rendered":"Coronav\u00edrus: r\u00e1dios e TVs de Santa Catarina prestam servi\u00e7o"},"content":{"rendered":"<p style=\"text-align: justify;\">Diante da pandemia do novo coronav\u00edrus, a radiodifus\u00e3o de Santa Catarina refor\u00e7a aquela que \u00e9 a sua maior voca\u00e7\u00e3o: prestar servi\u00e7o. R\u00e1dios e TVs levam informa\u00e7\u00f5es e orienta\u00e7\u00f5es corretas a todas as comunidades do estado. Al\u00e9m disso, microfones seguem permanentemente abertos para autoridades e especialistas. Dessa forma, as emissoras combatem as not\u00edcias falsas e contribuem para a preserva\u00e7\u00e3o de vidas humanas.<\/p>\n<p style=\"text-align: justify;\">O SERT\/SC, que h\u00e1 quarenta anos defende e representa a radiodifus\u00e3o catarinense, parabeniza as suas mais de duzentas filiadas pela cobertura que fazem da pandemia do novo coronav\u00edrus. \u00c9 assim, com trabalho s\u00e9rio e incans\u00e1vel, que refor\u00e7amos a nossa posi\u00e7\u00e3o de refer\u00eancia na comunica\u00e7\u00e3o brasileira.<\/p>\n<p style=\"text-align: justify;\">Ana Paula Melo<br \/>\nPresidente SERT\/SC<\/p>\n","protected":false},"excerpt":{"rendered":"<p>Diante da pandemia do novo coronav\u00edrus, a radiodifus\u00e3o de Santa&hellip;<\/p>\n<p> <a class=\"more-link\" href=\"https:\/\/sertsc.org.br\/site\/coronavirus-radios-e-tvs-de-santa-catarina-prestam-servico\/\">Leia mais<\/a><\/p>\n","protected":false},"author":1,"featured_media":12022,"comment_status":"closed","ping_status":"open","sticky":false,"template":"","format":"standard","meta":{"footnotes":""},"categories":[33],"tags":[],"class_list":{"0":"post-12021","1":"post","2":"type-post","3":"status-publish","4":"format-standard","5":"has-post-thumbnail","7":"category-destaques"},"_links":{"self":[{"href":"https:\/\/sertsc.org.br\/site\/wp-json\/wp\/v2\/posts\/12021","targetHints":{"allow":["GET"]}}],"collection":[{"href":"https:\/\/sertsc.org.br\/site\/wp-json\/wp\/v2\/posts"}],"about":[{"href":"https:\/\/sertsc.org.br\/site\/wp-json\/wp\/v2\/types\/post"}],"author":[{"embeddable":true,"href":"https:\/\/sertsc.org.br\/site\/wp-json\/wp\/v2\/users\/1"}],"replies":[{"embeddable":true,"href":"https:\/\/sertsc.org.br\/site\/wp-json\/wp\/v2\/comments?post=12021"}],"version-history":[{"count":0,"href":"https:\/\/sertsc.org.br\/site\/wp-json\/wp\/v2\/posts\/12021\/revisions"}],"wp:featuredmedia":[{"embeddable":true,"href":"https:\/\/sertsc.org.br\/site\/wp-json\/wp\/v2\/media\/12022"}],"wp:attachment":[{"href":"https:\/\/sertsc.org.br\/site\/wp-json\/wp\/v2\/media?parent=12021"}],"wp:term":[{"taxonomy":"category","embeddable":true,"href":"https:\/\/sertsc.org.br\/site\/wp-json\/wp\/v2\/categories?post=12021"},{"taxonomy":"post_tag","embeddable":true,"href":"https:\/\/sertsc.org.br\/site\/wp-json\/wp\/v2\/tags?post=12021"}],"curies":[{"name":"wp","href":"https:\/\/api.w.org\/{rel}","templated":true}]}}