{"id":12018,"date":"2020-03-16T16:22:53","date_gmt":"2020-03-16T19:22:53","guid":{"rendered":"http:\/\/www.sertsc.org.br\/site\/?p=12018"},"modified":"2020-03-16T16:22:53","modified_gmt":"2020-03-16T19:22:53","slug":"frente-parlamentar-da-radiodifusao-define-agenda-para-2020","status":"publish","type":"post","link":"https:\/\/sertsc.org.br\/site\/frente-parlamentar-da-radiodifusao-define-agenda-para-2020\/","title":{"rendered":"Frente parlamentar da radiodifus\u00e3o define agenda para 2020"},"content":{"rendered":"<p style=\"text-align: justify;\">Os temas e projetos de lei em tramita\u00e7\u00e3o na C\u00e2mara dos Deputados que envolvem o fortalecimento da radiodifus\u00e3o e a defesa do princ\u00edpio constitucional da livre iniciativa, a simetria de regras e avan\u00e7o tecnol\u00f3gico e a defesa da liberdade de express\u00e3o, em todas as suas formas, estar\u00e3o na agenda da Frente Parlamentar da Radiodifus\u00e3o em 2020.<\/p>\n<p style=\"text-align: justify;\">Na primeira reuni\u00e3o do ano, na quarta-feira (11), em Bras\u00edlia, os deputados que comp\u00f5em o colegiado discutiram a pauta de interesse do setor, como, por exemplo, o projeto de lei que obriga a inser\u00e7\u00e3o e a ativa\u00e7\u00e3o do chip FM em todos os celulares fabricados e montados no Brasil e os projetos que estabelecem restri\u00e7\u00f5es \u00e0 publicidade ou o confisco de tempo das emissoras de r\u00e1dio e televis\u00e3o.<\/p>\n<p style=\"text-align: justify;\">Para o deputado Eli Corr\u00eaa Filho (DEM\/SP), presidente da Frente Parlamentar, \u201cmuitos ser\u00e3o os desafios enfrentados. Neste primeiro momento, vamos focar em organizar uma reuni\u00e3o com os presidentes da C\u00e2mara, Rodrigo Maia e do Senado, Davi Alcolumbre, realizar o semin\u00e1rio da Frente Parlamentar em Bras\u00edlia e seguir com as propostas de interesse do setor de radiodifus\u00e3o e da sociedade brasileira\u201d.<\/p>\n<p style=\"text-align: justify;\">Fonte: ACERT<\/p>\n","protected":false},"excerpt":{"rendered":"<p>Os temas e projetos de lei em tramita\u00e7\u00e3o na C\u00e2mara&hellip;<\/p>\n<p> <a class=\"more-link\" href=\"https:\/\/sertsc.org.br\/site\/frente-parlamentar-da-radiodifusao-define-agenda-para-2020\/\">Leia mais<\/a><\/p>\n","protected":false},"author":1,"featured_media":12019,"comment_status":"closed","ping_status":"open","sticky":false,"template":"","format":"standard","meta":{"footnotes":""},"categories":[3],"tags":[],"class_list":{"0":"post-12018","1":"post","2":"type-post","3":"status-publish","4":"format-standard","5":"has-post-thumbnail","7":"category-noticias"},"_links":{"self":[{"href":"https:\/\/sertsc.org.br\/site\/wp-json\/wp\/v2\/posts\/12018","targetHints":{"allow":["GET"]}}],"collection":[{"href":"https:\/\/sertsc.org.br\/site\/wp-json\/wp\/v2\/posts"}],"about":[{"href":"https:\/\/sertsc.org.br\/site\/wp-json\/wp\/v2\/types\/post"}],"author":[{"embeddable":true,"href":"https:\/\/sertsc.org.br\/site\/wp-json\/wp\/v2\/users\/1"}],"replies":[{"embeddable":true,"href":"https:\/\/sertsc.org.br\/site\/wp-json\/wp\/v2\/comments?post=12018"}],"version-history":[{"count":0,"href":"https:\/\/sertsc.org.br\/site\/wp-json\/wp\/v2\/posts\/12018\/revisions"}],"wp:featuredmedia":[{"embeddable":true,"href":"https:\/\/sertsc.org.br\/site\/wp-json\/wp\/v2\/media\/12019"}],"wp:attachment":[{"href":"https:\/\/sertsc.org.br\/site\/wp-json\/wp\/v2\/media?parent=12018"}],"wp:term":[{"taxonomy":"category","embeddable":true,"href":"https:\/\/sertsc.org.br\/site\/wp-json\/wp\/v2\/categories?post=12018"},{"taxonomy":"post_tag","embeddable":true,"href":"https:\/\/sertsc.org.br\/site\/wp-json\/wp\/v2\/tags?post=12018"}],"curies":[{"name":"wp","href":"https:\/\/api.w.org\/{rel}","templated":true}]}}