{"id":11982,"date":"2020-03-06T11:57:12","date_gmt":"2020-03-06T14:57:12","guid":{"rendered":"http:\/\/www.sertsc.org.br\/site\/?p=11982"},"modified":"2020-03-06T11:57:12","modified_gmt":"2020-03-06T14:57:12","slug":"verbas-publicitarias-do-governo-federal-lembrete-as-emissoras-sobre-cadastro-na-secretaria-de-comunicacao","status":"publish","type":"post","link":"https:\/\/sertsc.org.br\/site\/verbas-publicitarias-do-governo-federal-lembrete-as-emissoras-sobre-cadastro-na-secretaria-de-comunicacao\/","title":{"rendered":"Verbas publicit\u00e1rias do Governo Federal: Lembrete \u00e0s emissoras sobre cadastro na Secretaria de Comunica\u00e7\u00e3o"},"content":{"rendered":"<p class=\"uk-margin-remove-vertical\" style=\"text-align: justify;\" data-id=\"page#8\">Os crit\u00e9rios para inclus\u00e3o de emissoras de r\u00e1dio e TV no cadastro s\u00e3o: ser registrado como ve\u00edculo de comunica\u00e7\u00e3o na Receita Federal e possuir licen\u00e7a da Anatel<\/p>\n<div class=\"uk-margin-remove-vertical\">\n<p style=\"text-align: justify;\">Os ve\u00edculos de comunica\u00e7\u00e3o de todo o Brasil devem estar inseridos no Cadastro de Ve\u00edculos da Secretaria de Comunica\u00e7\u00e3o (Secom). A ferramenta permite que o Governo avance no processo de regionaliza\u00e7\u00e3o dos ve\u00edculos de r\u00e1dio e televis\u00e3o, entre outros, com a otimiza\u00e7\u00e3o de recursos e melhorias nos processos de planejamento de m\u00eddia. O cadastro existe desde 2012 e \u00e9 utilizado por todos os \u00f3rg\u00e3os e entidades que comp\u00f5em o Sicom (Sistema de Comunica\u00e7\u00e3o de Governo do Poder Executivo Federal), garantindo a uniformidade das informa\u00e7\u00f5es cadastrais e negociais nas a\u00e7\u00f5es.<\/p>\n<p style=\"text-align: justify;\">Os crit\u00e9rios para inclus\u00e3o de emissoras de r\u00e1dio e TV no cadastro s\u00e3o: ser registrado como ve\u00edculo de comunica\u00e7\u00e3o na Receita Federal e possuir licen\u00e7a da Anatel.<\/p>\n<p style=\"text-align: justify;\">Para se cadastrar, as emissoras de r\u00e1dio interessadas dever\u00e3o preencher o formul\u00e1rio\u00a0<a class=\"wf_file\" href=\"https:\/\/www.sindiradio.org.br\/images\/user\/383\/FICHA_CADASTRAL_R%C3%81DIO_-_2020.xls\"><strong>(clique aqui)<\/strong><\/a>\u00a0e envi\u00e1-lo para o e-mail\u00a0<a href=\"mailto:recepcao@nmsecom.com.br\">recepcao@nmsecom.com.br<\/a>.<\/p>\n<p style=\"text-align: justify;\">Os crit\u00e9rios para cadastro s\u00e3o:<\/p>\n<ol style=\"text-align: justify;\">\n<li><strong>TABELA DE PRE\u00c7OS:<\/strong><\/li>\n<\/ol>\n<p style=\"text-align: justify;\">Favor enviar a tabela de pre\u00e7os com custos abaixo em valores brutos, conforme a faixa hor\u00e1ria rotativa\/indeterminada de programa\u00e7\u00e3o (07:00 \u00e0s 19:00, por exemplo). A faixa hor\u00e1ria dever\u00e1 ser explicitada na tabela.<\/p>\n<ul style=\"text-align: justify;\">\n<li>Custo unit\u00e1rio 5\u2019\u2019<\/li>\n<li>Custo unit\u00e1rio 7\u2019\u2019<\/li>\n<li>Custo unit\u00e1rio 15\u2019\u2019<\/li>\n<li>Custo unit\u00e1rio 30\u201d<\/li>\n<li>Custo unit\u00e1rio 45\u2019\u2019<\/li>\n<li>Custo unit\u00e1rio 60\u201d<\/li>\n<li>Custo unit\u00e1rio 90\u2019\u2019<\/li>\n<\/ul>\n<p style=\"text-align: justify;\">Poder\u00e1 ser aceito o \u00edndice de convers\u00e3o dos formatos listados acima.<\/p>\n<p style=\"text-align: justify;\">Os custos n\u00e3o informados na tabela de pre\u00e7os n\u00e3o ser\u00e3o negociados, portanto n\u00e3o poder\u00e3o ser programados em campanhas dos \u00f3rg\u00e3os integrantes do Sicom.<\/p>\n<ol style=\"text-align: justify;\" start=\"2\">\n<li><strong>FICHA CADASTRAL:<\/strong><\/li>\n<\/ol>\n<p style=\"text-align: justify;\">A ficha cadastral anexa dever\u00e1 ser devidamente preenchida e enviada juntamente com a tabela de pre\u00e7os via e-mail. Todos os campos dever\u00e3o ser preenchidos.<\/p>\n<p style=\"text-align: justify;\"><strong>Segmento: deve ser preenchido apenas um segmento de acordo com parte da programa\u00e7\u00e3o no hor\u00e1rio rotativo\/indeterminado da emissora.<\/strong><\/p>\n<p style=\"text-align: justify;\">Apenas ap\u00f3s o envio da tabela de pre\u00e7os e ficha cadastral de acordo com os padr\u00f5es solicitados, a emissora poder\u00e1 receber a proposta de renegocia\u00e7\u00e3o com validade at\u00e9 julho\/2020.<\/p>\n<p style=\"text-align: justify;\">Fonte: Sindir\u00e1dio<\/p>\n<\/div>\n","protected":false},"excerpt":{"rendered":"<p>Os crit\u00e9rios para inclus\u00e3o de emissoras de r\u00e1dio e TV&hellip;<\/p>\n<p> <a class=\"more-link\" href=\"https:\/\/sertsc.org.br\/site\/verbas-publicitarias-do-governo-federal-lembrete-as-emissoras-sobre-cadastro-na-secretaria-de-comunicacao\/\">Leia mais<\/a><\/p>\n","protected":false},"author":1,"featured_media":11983,"comment_status":"closed","ping_status":"open","sticky":false,"template":"","format":"standard","meta":{"footnotes":""},"categories":[3],"tags":[],"class_list":{"0":"post-11982","1":"post","2":"type-post","3":"status-publish","4":"format-standard","5":"has-post-thumbnail","7":"category-noticias"},"_links":{"self":[{"href":"https:\/\/sertsc.org.br\/site\/wp-json\/wp\/v2\/posts\/11982","targetHints":{"allow":["GET"]}}],"collection":[{"href":"https:\/\/sertsc.org.br\/site\/wp-json\/wp\/v2\/posts"}],"about":[{"href":"https:\/\/sertsc.org.br\/site\/wp-json\/wp\/v2\/types\/post"}],"author":[{"embeddable":true,"href":"https:\/\/sertsc.org.br\/site\/wp-json\/wp\/v2\/users\/1"}],"replies":[{"embeddable":true,"href":"https:\/\/sertsc.org.br\/site\/wp-json\/wp\/v2\/comments?post=11982"}],"version-history":[{"count":0,"href":"https:\/\/sertsc.org.br\/site\/wp-json\/wp\/v2\/posts\/11982\/revisions"}],"wp:featuredmedia":[{"embeddable":true,"href":"https:\/\/sertsc.org.br\/site\/wp-json\/"}],"wp:attachment":[{"href":"https:\/\/sertsc.org.br\/site\/wp-json\/wp\/v2\/media?parent=11982"}],"wp:term":[{"taxonomy":"category","embeddable":true,"href":"https:\/\/sertsc.org.br\/site\/wp-json\/wp\/v2\/categories?post=11982"},{"taxonomy":"post_tag","embeddable":true,"href":"https:\/\/sertsc.org.br\/site\/wp-json\/wp\/v2\/tags?post=11982"}],"curies":[{"name":"wp","href":"https:\/\/api.w.org\/{rel}","templated":true}]}}