{"id":11972,"date":"2020-03-05T17:56:03","date_gmt":"2020-03-05T20:56:03","guid":{"rendered":"http:\/\/www.sertsc.org.br\/site\/?p=11972"},"modified":"2020-03-05T17:56:03","modified_gmt":"2020-03-05T20:56:03","slug":"presidente-do-sertsc-participa-de-ii-forum-nacional-da-radiodifusao-em-brasilia","status":"publish","type":"post","link":"https:\/\/sertsc.org.br\/site\/presidente-do-sertsc-participa-de-ii-forum-nacional-da-radiodifusao-em-brasilia\/","title":{"rendered":"SERT\/SC participa do II For\u00fam Nacional da Radiodifus\u00e3o"},"content":{"rendered":"<p style=\"text-align: justify;\">Foi realizada em Bras\u00edlia a segunda edi\u00e7\u00e3o do F\u00f3rum Nacional da Radiodifus\u00e3o. Realizado pelo Minist\u00e9rio da Ci\u00eancia, Tecnologia, Inova\u00e7\u00f5es e Comunica\u00e7\u00f5es, o evento mapeia o cen\u00e1rio atual, indica desafios e aponta caminhos para promover agilidade e transpar\u00eancia no setor.<\/p>\n<p style=\"text-align: justify;\">Ana Paula Melo, presidente do SERT\/SC, esteve presente ao evento.<\/p>\n<p>&nbsp;<\/p>\n\n","protected":false},"excerpt":{"rendered":"<p>Foi realizada em Bras\u00edlia a segunda edi\u00e7\u00e3o do F\u00f3rum Nacional&hellip;<\/p>\n<p> <a class=\"more-link\" href=\"https:\/\/sertsc.org.br\/site\/presidente-do-sertsc-participa-de-ii-forum-nacional-da-radiodifusao-em-brasilia\/\">Leia mais<\/a><\/p>\n","protected":false},"author":1,"featured_media":11977,"comment_status":"closed","ping_status":"open","sticky":false,"template":"","format":"standard","meta":{"footnotes":""},"categories":[33],"tags":[],"class_list":{"0":"post-11972","1":"post","2":"type-post","3":"status-publish","4":"format-standard","5":"has-post-thumbnail","7":"category-destaques"},"_links":{"self":[{"href":"https:\/\/sertsc.org.br\/site\/wp-json\/wp\/v2\/posts\/11972","targetHints":{"allow":["GET"]}}],"collection":[{"href":"https:\/\/sertsc.org.br\/site\/wp-json\/wp\/v2\/posts"}],"about":[{"href":"https:\/\/sertsc.org.br\/site\/wp-json\/wp\/v2\/types\/post"}],"author":[{"embeddable":true,"href":"https:\/\/sertsc.org.br\/site\/wp-json\/wp\/v2\/users\/1"}],"replies":[{"embeddable":true,"href":"https:\/\/sertsc.org.br\/site\/wp-json\/wp\/v2\/comments?post=11972"}],"version-history":[{"count":0,"href":"https:\/\/sertsc.org.br\/site\/wp-json\/wp\/v2\/posts\/11972\/revisions"}],"wp:featuredmedia":[{"embeddable":true,"href":"https:\/\/sertsc.org.br\/site\/wp-json\/"}],"wp:attachment":[{"href":"https:\/\/sertsc.org.br\/site\/wp-json\/wp\/v2\/media?parent=11972"}],"wp:term":[{"taxonomy":"category","embeddable":true,"href":"https:\/\/sertsc.org.br\/site\/wp-json\/wp\/v2\/categories?post=11972"},{"taxonomy":"post_tag","embeddable":true,"href":"https:\/\/sertsc.org.br\/site\/wp-json\/wp\/v2\/tags?post=11972"}],"curies":[{"name":"wp","href":"https:\/\/api.w.org\/{rel}","templated":true}]}}