{"id":11957,"date":"2020-03-04T09:54:33","date_gmt":"2020-03-04T12:54:33","guid":{"rendered":"http:\/\/www.sertsc.org.br\/site\/?p=11957"},"modified":"2020-03-04T09:54:33","modified_gmt":"2020-03-04T12:54:33","slug":"relatorio-alerta-para-possiveis-mudancas-no-consumo-de-midia-devido-tendencia-de-proliferacao-do-coronavirus","status":"publish","type":"post","link":"https:\/\/sertsc.org.br\/site\/relatorio-alerta-para-possiveis-mudancas-no-consumo-de-midia-devido-tendencia-de-proliferacao-do-coronavirus\/","title":{"rendered":"Relat\u00f3rio alerta para poss\u00edveis mudan\u00e7as no consumo de m\u00eddia devido a tend\u00eancia de prolifera\u00e7\u00e3o do coronav\u00edrus"},"content":{"rendered":"<p class=\"titulo\" style=\"text-align: justify;\">S\u00e3o Paulo &#8211; GroupM indica que ser\u00e1 necess\u00e1rio que profissionais de marketing e meios de comunica\u00e7\u00e3o fa\u00e7am considera\u00e7\u00f5es cuidadosas em seus planejamentos a curto prazo.<\/p>\n<div class=\"conteudo materias\">\n<div class=\"not-full\" style=\"text-align: justify;\">\n<p>Um relat\u00f3rio realizado pelo presidente global de Business Intelligence do Group M, Brian Wieser, alerta para uma poss\u00edvel mudan\u00e7a no consumo de m\u00eddia em todo o planeta, devido a possibilidade da prolifera\u00e7\u00e3o do novo coronav\u00edrus, o COVID-19. Segundo o profissional, ser\u00e1 necess\u00e1rio que profissionais de marketing e ve\u00edculos de comunica\u00e7\u00e3o realizem um gerenciamento cuidadoso a curto prazo, prevendo uma poss\u00edvel recess\u00e3o econ\u00f4mica em muitos pa\u00edses.<\/p>\n<p>&#8220;Muitos aspectos da vida e dos neg\u00f3cios ser\u00e3o alterados em muitos pa\u00edses ao redor do mundo, com a possibilidade de uma recess\u00e3o realista para muitos pa\u00edses, pelo menos a curto prazo&#8221;, analisa Wieser.<\/p>\n<p>O relat\u00f3rio escrito pelo profissional do GroupM destaca tamb\u00e9m que &#8220;\u00e9 importante monitorar as mudan\u00e7as no consumo de m\u00eddia e outros comportamentos, e os profissionais de marketing precisam estar atentos \u00e0s oportunidades de atender os consumidores que possam acompanhar os propriet\u00e1rios de m\u00eddia que compram e as sociedades em que operam&#8221;.<\/p>\n<p>Brian tamb\u00e9m relata que a China, pa\u00eds que conta hoje com uma menor taxa de novas infec\u00e7\u00f5es do COVID-19 ap\u00f3s ser o epicentro da doen\u00e7a, pode mostrar poss\u00edveis caminhos a seguir delas outras na\u00e7\u00f5es, como restri\u00e7\u00e3o de movimentos de pessoas nas \u00e1reas afetadas, causando fechamento de escrit\u00f3rios, lojas, f\u00e1bricas, reuni\u00f5es p\u00fablicas canceladas, viagens reduzidas, entre outros pontos que impactam diretamente no consumo de m\u00eddia.<\/p>\n<p><strong>Mais audi\u00eancia, por\u00e9m menor consumo<\/strong><\/p>\n<p>Segundo o relat\u00f3rio, os profissionais de marketing da China tem cortado gastos, devido um menor movimento de consumidores, j\u00e1 que a popula\u00e7\u00e3o n\u00e3o tem sa\u00eddo para fazer compras. Por\u00e9m, em rela\u00e7\u00e3o a audi\u00eancia, conforme fiquem mais em casa, as pessoas tamb\u00e9m tendem a consumir mais m\u00eddia, elevando o interesse pelos ve\u00edculos e demais plataformas de comunica\u00e7\u00e3o.<\/p>\n<p>&#8220;Como vimos na China, esperamos ver menos viagens, menos fabrica\u00e7\u00e3o, vendas reduzidas no varejo e cancelamentos de muitas formas de entretenimento p\u00fablico&#8221;, detalha Wieser. &#8220;O consumo de m\u00eddia em casa provavelmente aumentar\u00e1, assim como as vendas de com\u00e9rcio eletr\u00f4nico, embora, porque grande parte do mundo dependa tanto da China para fabricar produtos acabados ou componentes de mercadorias, as cadeias de suprimentos provavelmente sejam comprometidas&#8221;, completa o profissional.<\/p>\n<p>Mas h\u00e1 uma boa not\u00edcia, segundo Wieser. O profissional indica que a movimenta\u00e7\u00e3o na China parece voltar lentamente ao normal. Por\u00e9m, a maior parte do mundo come\u00e7a a passar apenas agora pelo que foi vivido no pa\u00eds asi\u00e1tico. \u00c9 poss\u00edvel que outros pa\u00edses ainda devam sentir mudan\u00e7as em suas rotinas.<\/p>\n<p>Wieser afirma que &#8220;embora seja muito cedo para antecipar resultados com qualquer precis\u00e3o, os decl\u00ednios impl\u00edcitos de dois d\u00edgitos nos gastos com publicidade na China no primeiro trimestre podem ocorrer em outros lugares, com redu\u00e7\u00f5es reduzidas nos trimestres subsequentes e uma eventual revers\u00e3o de volta ao crescimento, como temos observado. visto ap\u00f3s outras recess\u00f5es&#8221;.<\/p>\n<p>&#8220;\u00c9 claro que os profissionais de marketing capazes de evitar cortes geralmente se saem melhor, considerando o que provavelmente ser\u00e1 um pre\u00e7o relativamente favor\u00e1vel e uma concorr\u00eancia reduzida pela aten\u00e7\u00e3o do consumidor. A constru\u00e7\u00e3o da marca a longo prazo se beneficiar\u00e1 de uma presen\u00e7a sustentada da m\u00eddia, embora com mensagens adequadamente modificadas&#8221;, analisa o profissional do GroupM.<\/p>\n<p><strong>Recomenda\u00e7\u00f5es\u00a0<\/strong><\/p>\n<p>O relat\u00f3rio de Wieser faz algumas recomenda\u00e7\u00f5es aos profissionais de marketing e ve\u00edculos referente a poss\u00edvel prolifera\u00e7\u00e3o do COVID-19, como a possibilidade de terem um &#8220;Plano B&#8221; em seus planejamentos. Brian lembra que, embora os gastos com an\u00fancios possam cair, o investimento em m\u00eddia tamb\u00e9m poder\u00e1 mudar.<\/p>\n<p>&#8220;Os profissionais de marketing precisam estar atentos aos horizontes de longo prazo durante as crises e tomar decis\u00f5es com base nisso (&#8230;) Enfatizamos que os profissionais de marketing devem avaliar continuamente a relev\u00e2ncia de um determinado meio para uma determinada estrat\u00e9gia de marketing e mensagem criativa. Eles tamb\u00e9m podem procurar continuamente maneiras de agregar valor aos consumidores que atendem, aos propriet\u00e1rios de m\u00eddia de que compram e \u00e0s sociedades em que operam&#8221;, recomenda Wieser.<\/p>\n<p>Brian ainda finaliza afirmando que &#8220;uma crise como esta ter\u00e1 muitas conseq\u00fc\u00eancias infelizes, mas as mudan\u00e7as de comportamento que se seguir\u00e3o podem criar novas oportunidades para os profissionais de marketing se envolverem com todos os interessados relevantes. Se as escolhas que eles fazem ressoam enquanto o mundo trabalha com o ambiente atual, esperamos que eles e o mundo o encontrem melhor posicionados para prosperar no futuro&#8221;.<\/p>\n<p><strong><a href=\"https:\/\/www.groupm.com\/news\/coronavirus-considerations-marketers\" target=\"_blank\" rel=\"noopener noreferrer\">Clique aqui para ter acesso ao relat\u00f3rio completo do GroupM<\/a><\/strong><\/p>\n<\/div>\n<p style=\"text-align: justify;\">Fonte: Tudor\u00e1dio<\/p>\n<\/div>\n","protected":false},"excerpt":{"rendered":"<p>S\u00e3o Paulo &#8211; GroupM indica que ser\u00e1 necess\u00e1rio que profissionais&hellip;<\/p>\n<p> <a class=\"more-link\" href=\"https:\/\/sertsc.org.br\/site\/relatorio-alerta-para-possiveis-mudancas-no-consumo-de-midia-devido-tendencia-de-proliferacao-do-coronavirus\/\">Leia mais<\/a><\/p>\n","protected":false},"author":1,"featured_media":11958,"comment_status":"closed","ping_status":"open","sticky":false,"template":"","format":"standard","meta":{"footnotes":""},"categories":[3],"tags":[],"class_list":{"0":"post-11957","1":"post","2":"type-post","3":"status-publish","4":"format-standard","5":"has-post-thumbnail","7":"category-noticias"},"_links":{"self":[{"href":"https:\/\/sertsc.org.br\/site\/wp-json\/wp\/v2\/posts\/11957","targetHints":{"allow":["GET"]}}],"collection":[{"href":"https:\/\/sertsc.org.br\/site\/wp-json\/wp\/v2\/posts"}],"about":[{"href":"https:\/\/sertsc.org.br\/site\/wp-json\/wp\/v2\/types\/post"}],"author":[{"embeddable":true,"href":"https:\/\/sertsc.org.br\/site\/wp-json\/wp\/v2\/users\/1"}],"replies":[{"embeddable":true,"href":"https:\/\/sertsc.org.br\/site\/wp-json\/wp\/v2\/comments?post=11957"}],"version-history":[{"count":0,"href":"https:\/\/sertsc.org.br\/site\/wp-json\/wp\/v2\/posts\/11957\/revisions"}],"wp:featuredmedia":[{"embeddable":true,"href":"https:\/\/sertsc.org.br\/site\/wp-json\/"}],"wp:attachment":[{"href":"https:\/\/sertsc.org.br\/site\/wp-json\/wp\/v2\/media?parent=11957"}],"wp:term":[{"taxonomy":"category","embeddable":true,"href":"https:\/\/sertsc.org.br\/site\/wp-json\/wp\/v2\/categories?post=11957"},{"taxonomy":"post_tag","embeddable":true,"href":"https:\/\/sertsc.org.br\/site\/wp-json\/wp\/v2\/tags?post=11957"}],"curies":[{"name":"wp","href":"https:\/\/api.w.org\/{rel}","templated":true}]}}