{"id":11950,"date":"2020-03-04T09:33:51","date_gmt":"2020-03-04T12:33:51","guid":{"rendered":"http:\/\/www.sertsc.org.br\/site\/?p=11950"},"modified":"2020-03-04T09:33:51","modified_gmt":"2020-03-04T12:33:51","slug":"governo-lanca-nova-cartilha-de-protecao-jornalistas","status":"publish","type":"post","link":"https:\/\/sertsc.org.br\/site\/governo-lanca-nova-cartilha-de-protecao-jornalistas\/","title":{"rendered":"Governo lan\u00e7a nova cartilha de prote\u00e7\u00e3o a jornalistas"},"content":{"rendered":"<p style=\"text-align: justify;\">O Governo Federal, por meio do Minist\u00e9rio da Mulher, da Fam\u00edlia e dos Direitos Humanos, lan\u00e7ou uma cartilha sobre a prote\u00e7\u00e3o dos direitos dos jornalistas (veja\u00a0<a href=\"https:\/\/static.poder360.com.br\/2020\/03\/cartilha.pdf\" target=\"_blank\" rel=\"noopener noreferrer\">aqui<\/a>).<\/p>\n<p style=\"text-align: justify;\">O documento destaca &#8220;que jornalistas e outros comunicadores e comunicadoras mant\u00eam a sociedade informada sobre crimes relacionados \u00e0 corrup\u00e7\u00e3o e \u00e0 atua\u00e7\u00e3o de mil\u00edcias, por exemplo&#8221;.<\/p>\n<p style=\"text-align: justify;\">Diz, ainda, que &#8220;a viol\u00eancia contra profissionais do jornalismo objetivando impedir a ampla divulga\u00e7\u00e3o de tais crimes impede a sociedade de cobrar das autoridades p\u00fablicas o enfrentamento da criminalidade organizada, bem como prejudica a transpar\u00eancia no uso de recursos p\u00fablicos&#8221;.<\/p>\n<p style=\"text-align: justify;\">Trata-se de uma reedi\u00e7\u00e3o da Cartilha Aristeu Guida da Silva, lan\u00e7ada em 2018, no governo Michel Temer. O documento lista\u00a0obriga\u00e7\u00f5es do Estado acerca da preven\u00e7\u00e3o, prote\u00e7\u00e3o e acesso \u00e0 Justi\u00e7a em casos de viol\u00eancia cometida contra jornalistas e outros comunicadores em raz\u00e3o do exerc\u00edcio do direito \u00e0 liberdade de pensamento e express\u00e3o.<\/p>\n<div class=\"mc-column content-text active-extra-styles \" style=\"text-align: justify;\" data-block-type=\"unstyled\" data-block-weight=\"12\" data-block-id=\"10\">\n<p class=\"content-text__container \" data-track-category=\"Link no Texto\" data-track-links=\"\">De acordo com a cartilha, cabe ao Estado brasileiro, dentre outras atribui\u00e7\u00f5es: prevenir os crimes contra as pessoas por raz\u00e3o do exerc\u00edcio de seu direito \u00e0 liberdade de pensamento e express\u00e3o; adotar pol\u00edticas p\u00fablicas de preven\u00e7\u00e3o \u00e0 viol\u00eancia e crimes contra jornalistas e outros comunicadores, de modo a sinalizar para a sociedade que essas pr\u00e1ticas constituem graves amea\u00e7as \u00e0 democracia; condenar veementemente agress\u00f5es contra jornalistas, e encorajar a puni\u00e7\u00e3o dos respons\u00e1veis.<\/p>\n<\/div>\n<p class=\"content-text__container \" style=\"text-align: justify;\" data-track-category=\"Link no Texto\" data-track-links=\"\">Fonte: Portal Makingof<\/p>\n","protected":false},"excerpt":{"rendered":"<p>O Governo Federal, por meio do Minist\u00e9rio da Mulher, da&hellip;<\/p>\n<p> <a class=\"more-link\" href=\"https:\/\/sertsc.org.br\/site\/governo-lanca-nova-cartilha-de-protecao-jornalistas\/\">Leia mais<\/a><\/p>\n","protected":false},"author":1,"featured_media":11951,"comment_status":"closed","ping_status":"open","sticky":false,"template":"","format":"standard","meta":{"footnotes":""},"categories":[3],"tags":[],"class_list":{"0":"post-11950","1":"post","2":"type-post","3":"status-publish","4":"format-standard","5":"has-post-thumbnail","7":"category-noticias"},"_links":{"self":[{"href":"https:\/\/sertsc.org.br\/site\/wp-json\/wp\/v2\/posts\/11950","targetHints":{"allow":["GET"]}}],"collection":[{"href":"https:\/\/sertsc.org.br\/site\/wp-json\/wp\/v2\/posts"}],"about":[{"href":"https:\/\/sertsc.org.br\/site\/wp-json\/wp\/v2\/types\/post"}],"author":[{"embeddable":true,"href":"https:\/\/sertsc.org.br\/site\/wp-json\/wp\/v2\/users\/1"}],"replies":[{"embeddable":true,"href":"https:\/\/sertsc.org.br\/site\/wp-json\/wp\/v2\/comments?post=11950"}],"version-history":[{"count":0,"href":"https:\/\/sertsc.org.br\/site\/wp-json\/wp\/v2\/posts\/11950\/revisions"}],"wp:featuredmedia":[{"embeddable":true,"href":"https:\/\/sertsc.org.br\/site\/wp-json\/"}],"wp:attachment":[{"href":"https:\/\/sertsc.org.br\/site\/wp-json\/wp\/v2\/media?parent=11950"}],"wp:term":[{"taxonomy":"category","embeddable":true,"href":"https:\/\/sertsc.org.br\/site\/wp-json\/wp\/v2\/categories?post=11950"},{"taxonomy":"post_tag","embeddable":true,"href":"https:\/\/sertsc.org.br\/site\/wp-json\/wp\/v2\/tags?post=11950"}],"curies":[{"name":"wp","href":"https:\/\/api.w.org\/{rel}","templated":true}]}}