{"id":11908,"date":"2020-02-27T10:25:43","date_gmt":"2020-02-27T13:25:43","guid":{"rendered":"http:\/\/www.sertsc.org.br\/site\/?p=11908"},"modified":"2020-02-27T10:25:43","modified_gmt":"2020-02-27T13:25:43","slug":"convencao-coletiva-de-trabalho-do-nortenordeste-e-registrada","status":"publish","type":"post","link":"https:\/\/sertsc.org.br\/site\/convencao-coletiva-de-trabalho-do-nortenordeste-e-registrada\/","title":{"rendered":"."},"content":{"rendered":"<p style=\"text-align: justify;\"><strong>Conven\u00e7\u00e3o Coletiva de Trabalho do Norte\/Nordeste \u00e9 registrada<\/strong><\/p>\n<p style=\"text-align: justify;\">O SERT\/SC comunica que a Conven\u00e7\u00e3o Coletiva de Trabalho 2020, fechada ap\u00f3s negocia\u00e7\u00e3o com o Sindicato dos Radialistas das regi\u00f5es Norte\/Nordeste de Santa Catarina, foi registrada no Minist\u00e9rio do Trabalho.<\/p>\n<p style=\"text-align: justify;\">A CCT fica dispon\u00edvel no site\u00a0<a href=\"http:\/\/www.sertsc.org.br\/site\/wp-content\/uploads\/2016\/09\/Conven%C3%A7%C3%A3o-Coletiva-de-Trabalho-2020..pdf\">http:\/\/www.sertsc.org.br\/site\/wp-content\/uploads\/2016\/09\/Conven%C3%A7%C3%A3o-Coletiva-de-Trabalho-2020..pdf<\/a>.<\/p>\n","protected":false},"excerpt":{"rendered":"<p>Conven\u00e7\u00e3o Coletiva de Trabalho do Norte\/Nordeste \u00e9 registrada O SERT\/SC&hellip;<\/p>\n<p> <a class=\"more-link\" href=\"https:\/\/sertsc.org.br\/site\/convencao-coletiva-de-trabalho-do-nortenordeste-e-registrada\/\">Leia mais<\/a><\/p>\n","protected":false},"author":1,"featured_media":11913,"comment_status":"closed","ping_status":"open","sticky":false,"template":"","format":"standard","meta":{"footnotes":""},"categories":[33],"tags":[],"class_list":{"0":"post-11908","1":"post","2":"type-post","3":"status-publish","4":"format-standard","5":"has-post-thumbnail","7":"category-destaques"},"_links":{"self":[{"href":"https:\/\/sertsc.org.br\/site\/wp-json\/wp\/v2\/posts\/11908","targetHints":{"allow":["GET"]}}],"collection":[{"href":"https:\/\/sertsc.org.br\/site\/wp-json\/wp\/v2\/posts"}],"about":[{"href":"https:\/\/sertsc.org.br\/site\/wp-json\/wp\/v2\/types\/post"}],"author":[{"embeddable":true,"href":"https:\/\/sertsc.org.br\/site\/wp-json\/wp\/v2\/users\/1"}],"replies":[{"embeddable":true,"href":"https:\/\/sertsc.org.br\/site\/wp-json\/wp\/v2\/comments?post=11908"}],"version-history":[{"count":0,"href":"https:\/\/sertsc.org.br\/site\/wp-json\/wp\/v2\/posts\/11908\/revisions"}],"wp:featuredmedia":[{"embeddable":true,"href":"https:\/\/sertsc.org.br\/site\/wp-json\/"}],"wp:attachment":[{"href":"https:\/\/sertsc.org.br\/site\/wp-json\/wp\/v2\/media?parent=11908"}],"wp:term":[{"taxonomy":"category","embeddable":true,"href":"https:\/\/sertsc.org.br\/site\/wp-json\/wp\/v2\/categories?post=11908"},{"taxonomy":"post_tag","embeddable":true,"href":"https:\/\/sertsc.org.br\/site\/wp-json\/wp\/v2\/tags?post=11908"}],"curies":[{"name":"wp","href":"https:\/\/api.w.org\/{rel}","templated":true}]}}