{"id":11879,"date":"2020-02-21T08:42:44","date_gmt":"2020-02-21T11:42:44","guid":{"rendered":"http:\/\/www.sertsc.org.br\/site\/?p=11879"},"modified":"2020-02-21T08:42:44","modified_gmt":"2020-02-21T11:42:44","slug":"inscricoes-para-ii-forum-nacional-de-radiodifusao-seguem-abertas-para-profissionais-de-radio-e-tv","status":"publish","type":"post","link":"https:\/\/sertsc.org.br\/site\/inscricoes-para-ii-forum-nacional-de-radiodifusao-seguem-abertas-para-profissionais-de-radio-e-tv\/","title":{"rendered":"Inscri\u00e7\u00f5es para II F\u00f3rum Nacional de Radiodifus\u00e3o seguem abertas para profissionais de R\u00e1dio e TV"},"content":{"rendered":"<p style=\"text-align: justify;\">No dia 5 de mar\u00e7o ser\u00e1 realizado em Bras\u00edlia o II F\u00f3rum Nacional de Radiodifus\u00e3o. Profissionais de r\u00e1dio e televis\u00e3o podem se inscrever gratuitamente para participar do evento do MTIC (Minist\u00e9rio da Ci\u00eancia, Tecnologia, Inova\u00e7\u00f5es e Comunica\u00e7\u00f5es). Os pain\u00e9is discutir\u00e3o v\u00e1rios temas ligados ao meio.<\/p>\n<p style=\"text-align: justify;\">Entre os assuntos que ser\u00e3o discutidos durante o\u00a0II F\u00f3rum Nacional de Radiodifus\u00e3o\u00a0est\u00e3o as perspectivas para 2020, a liberdade de imprensa com responsabilidade, o novo regulamento da radiodifus\u00e3o \u2013 aprovado recentemente pelo Conselho Diretor da Anatel \u2013, al\u00e9m dos desafios e novos neg\u00f3cios na televis\u00e3o digital. A programa\u00e7\u00e3o inclui ainda a assinatura de contratos de outorga e aditivos de migra\u00e7\u00e3o das emissoras AM para FM.<\/p>\n<p style=\"text-align: justify;\">O evento ser\u00e1 realizado no dia 5 de mar\u00e7o (quinta-feira), das 8h30 \u00e0s 18h30, no teatro Poupex, localizado \u00e0 avenida Duque de Caxias, s\/n\u00ba, em Bras\u00edlia-DF. Os profissionais do meio podem se inscrever gratuitamente acessando o link\u00a0<a href=\"https:\/\/forumnacionalderadiodifusao.mctic.gov.br\/\" target=\"_blank\" rel=\"noopener noreferrer\">https:\/\/forumnacionalderadiodifusao.mctic.gov.br\/<\/a>.<\/p>\n<p style=\"text-align: justify;\">Fonte: Tudor\u00e1dio<\/p>\n","protected":false},"excerpt":{"rendered":"<p>No dia 5 de mar\u00e7o ser\u00e1 realizado em Bras\u00edlia o&hellip;<\/p>\n<p> <a class=\"more-link\" href=\"https:\/\/sertsc.org.br\/site\/inscricoes-para-ii-forum-nacional-de-radiodifusao-seguem-abertas-para-profissionais-de-radio-e-tv\/\">Leia mais<\/a><\/p>\n","protected":false},"author":1,"featured_media":11880,"comment_status":"closed","ping_status":"open","sticky":false,"template":"","format":"standard","meta":{"footnotes":""},"categories":[33],"tags":[],"class_list":{"0":"post-11879","1":"post","2":"type-post","3":"status-publish","4":"format-standard","5":"has-post-thumbnail","7":"category-destaques"},"_links":{"self":[{"href":"https:\/\/sertsc.org.br\/site\/wp-json\/wp\/v2\/posts\/11879","targetHints":{"allow":["GET"]}}],"collection":[{"href":"https:\/\/sertsc.org.br\/site\/wp-json\/wp\/v2\/posts"}],"about":[{"href":"https:\/\/sertsc.org.br\/site\/wp-json\/wp\/v2\/types\/post"}],"author":[{"embeddable":true,"href":"https:\/\/sertsc.org.br\/site\/wp-json\/wp\/v2\/users\/1"}],"replies":[{"embeddable":true,"href":"https:\/\/sertsc.org.br\/site\/wp-json\/wp\/v2\/comments?post=11879"}],"version-history":[{"count":0,"href":"https:\/\/sertsc.org.br\/site\/wp-json\/wp\/v2\/posts\/11879\/revisions"}],"wp:featuredmedia":[{"embeddable":true,"href":"https:\/\/sertsc.org.br\/site\/wp-json\/"}],"wp:attachment":[{"href":"https:\/\/sertsc.org.br\/site\/wp-json\/wp\/v2\/media?parent=11879"}],"wp:term":[{"taxonomy":"category","embeddable":true,"href":"https:\/\/sertsc.org.br\/site\/wp-json\/wp\/v2\/categories?post=11879"},{"taxonomy":"post_tag","embeddable":true,"href":"https:\/\/sertsc.org.br\/site\/wp-json\/wp\/v2\/tags?post=11879"}],"curies":[{"name":"wp","href":"https:\/\/api.w.org\/{rel}","templated":true}]}}