{"id":11875,"date":"2020-02-21T08:39:31","date_gmt":"2020-02-21T11:39:31","guid":{"rendered":"http:\/\/www.sertsc.org.br\/site\/?p=11875"},"modified":"2020-02-21T08:39:31","modified_gmt":"2020-02-21T11:39:31","slug":"abert-divulga-nova-data-e-local-para-o-cafe-da-manha-da-radiodifusao-brasileira-em-las-vegas","status":"publish","type":"post","link":"https:\/\/sertsc.org.br\/site\/abert-divulga-nova-data-e-local-para-o-cafe-da-manha-da-radiodifusao-brasileira-em-las-vegas\/","title":{"rendered":"ABERT divulga nova data e local para o Caf\u00e9 da Manh\u00e3 da Radiodifus\u00e3o Brasileira em Las Vegas"},"content":{"rendered":"<p style=\"text-align: justify;\">A ABERT est\u00e1 divulgando uma nova data e local para a realiza\u00e7\u00e3o do Caf\u00e9 da Manh\u00e3 da Radiodifus\u00e3o Brasileira, evento que vai reunir radiodifusores brasileiros durante a realiza\u00e7\u00e3o da NAB Show 2020. O evento, realizado em parceria com a AERP, AESP, AGERT e AMIRT, ser\u00e1 no 26\u00ba andar do Bally\u2019s Hotel, no dia 21. Por mais um ano, o<strong>\u00a0<\/strong>tudoradio.com\u00a0vai fazer a cobertura do evento.<\/p>\n<p style=\"text-align: justify;\">Os interessados em participar do Caf\u00e9 da Manh\u00e3 podem se inscrever pelo site\u00a0<strong><a href=\"http:\/\/abert.org.br\/nabshow\" target=\"_blank\" rel=\"noopener noreferrer\">abert.org.br\/nabshow<\/a><\/strong>\u00a0e garantir uma das 120 vagas. O encontro reunir\u00e1 empres\u00e1rios, profissionais de r\u00e1dio e TV, parlamentares e jornalistas brasileiros para tratar de assuntos relacionados \u00e0 NAB Show e \u00e0 radiodifus\u00e3o brasileira.<\/p>\n<p style=\"text-align: justify;\">Este ano, a NAB (National Association of Broadcasters) anunciou a abertura da feira no domingo, 19 de abril, e a programa\u00e7\u00e3o prev\u00ea a apresenta\u00e7\u00e3o do presidente Gordon Smith, na manh\u00e3 do dia 20. Para evitar preju\u00edzo na programa\u00e7\u00e3o dos radiodifusores que participam da NABSHOW 2020 \u2013 considerada a maior feira mundial de produtos e servi\u00e7os para radiodifus\u00e3o, m\u00eddia e tecnologia \u2013 a ABERT optou por mudar a data do Caf\u00e9 da Manh\u00e3.<\/p>\n<p style=\"text-align: justify;\">Os participantes do Caf\u00e9 da Manh\u00e3 da ABERT e associa\u00e7\u00f5es estaduais poder\u00e3o acompanhar as palestras de renomados especialistas internacionais que apresentar\u00e3o as experi\u00eancias de sucesso no setor de r\u00e1dio e TV. O encontro conta com o patroc\u00ednio das empresas Opic Telecom e Gates Air.<\/p>\n<p style=\"text-align: justify;\"><strong>NAB Show 2020<\/strong><\/p>\n<p style=\"text-align: justify;\">A NAB Show \u00e9 considerada como o maior evento de radiodifus\u00e3o e m\u00eddia do mundo. Est\u00e3o previstas mais de 800 atividades, entre pain\u00e9is e workshops sobre m\u00eddia, tecnologia e entretenimento e uma feira de produtos e servi\u00e7os aguardam o p\u00fablico que participar\u00e1 do evento, que ser\u00e1 realizado entre os dias 18 e 22 de abril, em Las Vegas. Cem mil pessoas de 165 pa\u00edses dever\u00e3o passar pelo Centro de Conven\u00e7\u00f5es de Las Vegas, onde a feira \u00e9 realizada.<\/p>\n<p style=\"text-align: justify;\">Fonte: Tudor\u00e1dio<\/p>\n","protected":false},"excerpt":{"rendered":"<p>A ABERT est\u00e1 divulgando uma nova data e local para&hellip;<\/p>\n<p> <a class=\"more-link\" href=\"https:\/\/sertsc.org.br\/site\/abert-divulga-nova-data-e-local-para-o-cafe-da-manha-da-radiodifusao-brasileira-em-las-vegas\/\">Leia mais<\/a><\/p>\n","protected":false},"author":1,"featured_media":11876,"comment_status":"closed","ping_status":"open","sticky":false,"template":"","format":"standard","meta":{"footnotes":""},"categories":[33],"tags":[],"class_list":{"0":"post-11875","1":"post","2":"type-post","3":"status-publish","4":"format-standard","5":"has-post-thumbnail","7":"category-destaques"},"_links":{"self":[{"href":"https:\/\/sertsc.org.br\/site\/wp-json\/wp\/v2\/posts\/11875","targetHints":{"allow":["GET"]}}],"collection":[{"href":"https:\/\/sertsc.org.br\/site\/wp-json\/wp\/v2\/posts"}],"about":[{"href":"https:\/\/sertsc.org.br\/site\/wp-json\/wp\/v2\/types\/post"}],"author":[{"embeddable":true,"href":"https:\/\/sertsc.org.br\/site\/wp-json\/wp\/v2\/users\/1"}],"replies":[{"embeddable":true,"href":"https:\/\/sertsc.org.br\/site\/wp-json\/wp\/v2\/comments?post=11875"}],"version-history":[{"count":0,"href":"https:\/\/sertsc.org.br\/site\/wp-json\/wp\/v2\/posts\/11875\/revisions"}],"wp:featuredmedia":[{"embeddable":true,"href":"https:\/\/sertsc.org.br\/site\/wp-json\/"}],"wp:attachment":[{"href":"https:\/\/sertsc.org.br\/site\/wp-json\/wp\/v2\/media?parent=11875"}],"wp:term":[{"taxonomy":"category","embeddable":true,"href":"https:\/\/sertsc.org.br\/site\/wp-json\/wp\/v2\/categories?post=11875"},{"taxonomy":"post_tag","embeddable":true,"href":"https:\/\/sertsc.org.br\/site\/wp-json\/wp\/v2\/tags?post=11875"}],"curies":[{"name":"wp","href":"https:\/\/api.w.org\/{rel}","templated":true}]}}