{"id":11848,"date":"2020-02-14T08:37:39","date_gmt":"2020-02-14T11:37:39","guid":{"rendered":"http:\/\/www.sertsc.org.br\/site\/?p=11848"},"modified":"2020-02-14T08:37:39","modified_gmt":"2020-02-14T11:37:39","slug":"anatel-aprova-consulta-publica-para-licitar-faixas-de-frequencias-para-o-5g","status":"publish","type":"post","link":"https:\/\/sertsc.org.br\/site\/anatel-aprova-consulta-publica-para-licitar-faixas-de-frequencias-para-o-5g\/","title":{"rendered":"Anatel aprova consulta p\u00fablica para licitar faixas de frequ\u00eancias para o 5G"},"content":{"rendered":"<p style=\"text-align: justify;\">O Conselho Diretor da Ag\u00eancia Nacional de Telecomunica\u00e7\u00f5es (Anatel) aprovou proposta de Edital de Licita\u00e7\u00e3o das faixas de radiofrequ\u00eancias que permitir\u00e3o a implementa\u00e7\u00e3o da tecnologia de quinta gera\u00e7\u00e3o (5G) no Brasil. A Consulta P\u00fablica ter\u00e1 45 dias para as contribui\u00e7\u00f5es da sociedade, que poder\u00e1 apresentar suas sugest\u00f5es tamb\u00e9m durante uma audi\u00eancia p\u00fablica que ser\u00e1 realizada em Bras\u00edlia\/DF, em data a ser definida.<\/p>\n<p style=\"text-align: justify;\">A proposta aprovada para o Edital de Licita\u00e7\u00e3o das faixas de 700 MHz, 2,3 GHz, 3,5 GHz e 26 GHz buscou atingir consenso entre os membros do colegiado e foi baseada em elementos das duas propostas anteriores, apresentadas pelos conselheiros Vicente Aquino e Emmanoel Campelo.<\/p>\n<p style=\"text-align: justify;\">O intervalo resultante dos pedidos de vista \u00e0 mat\u00e9ria possibilitou a inclus\u00e3o de mais 100 MHz na faixa de 3,5 GHz, conforme proposto pelas entidades que representam as empresas e a ind\u00fastria do setor de telecomunica\u00e7\u00f5es. A \u00e1rea t\u00e9cnica da Ag\u00eancia confirmou a viabilidade para a inclus\u00e3o dessa faixa, que poder\u00e1 prever o ressarcimento \u00e0s operadoras de sat\u00e9lite que hoje operam na chamada \u201cbanda C estendida\u201d, que coincide com esses 100 MHz, explica a Ag\u00eancia em comunicado.<\/p>\n<p style=\"text-align: justify;\">Com rela\u00e7\u00e3o \u00e0s\u00a0<strong>poss\u00edveis interfer\u00eancias causadas pelo 5G na recep\u00e7\u00e3o da TV aberta por sat\u00e9lite<\/strong>\u00a0(TVRO, do ingl\u00eas\u00a0<em>Television receive-only<\/em>), a proposta aprovada endere\u00e7a a solu\u00e7\u00e3o atrav\u00e9s de modelo semelhante ao adotado para a faixa de 700 MHz, com a cria\u00e7\u00e3o de um grupo coordenado pela Anatel e de uma entidade terceira e independente para operacionalizar a solu\u00e7\u00e3o. Detalhes sobre o modelo a ser adotado ainda ser\u00e3o definidos e levar\u00e3o em considera\u00e7\u00e3o os testes de campo que ser\u00e3o realizados e as contribui\u00e7\u00f5es encaminhadas \u00e0 Consulta P\u00fablica. Dessa forma, a proposta se alinha com a pol\u00edtica p\u00fablica definida pelo Minist\u00e9rio da Ci\u00eancia, Tecnologia, Inova\u00e7\u00f5es e Comunica\u00e7\u00f5es (MCTIC) na Portaria 418\/2020.<\/p>\n<p style=\"text-align: justify;\">O presidente da Ag\u00eancia, Leonardo Euler de Morais, destacou a relev\u00e2ncia da delibera\u00e7\u00e3o do Conselho Diretor, que \u201cpermitir\u00e1 realizar a maior licita\u00e7\u00e3o de faixas de frequ\u00eancias da hist\u00f3ria da Anatel\u201d. Segundo Morais, o edital prop\u00f5e compromissos de investimentos e n\u00e3o, apenas, arrecadat\u00f3rios \u2013 o que possibilitar\u00e1 mais infraestrutura, com maior n\u00edvel de servi\u00e7os e, consequentemente, mais benef\u00edcios aos consumidores e \u00e0 economia nacional.<\/p>\n<p style=\"text-align: justify;\">Segundo a Anatel, \u201ccom a adi\u00e7\u00e3o de mais banda, nessa que ser\u00e1 a principal faixa para o desenvolvimento do 5G, ser\u00e1 poss\u00edvel atender de maneira mais abrangente as demandas que foram apresentadas, destacando-se as das Prestadoras de Pequeno Porte (PPP), que poder\u00e3o fazer parte do desenvolvimento dessa nova tecnologia\u201d.<\/p>\n<p style=\"text-align: justify;\">Os compromissos associados a todas as faixas foram propostos com o objetivo de aumentar a infraestrutura de banda larga fixa e o acesso aos servi\u00e7os m\u00f3veis em \u00e1reas de menor interesse comercial, conforme delineado pelo Plano Estrutural de Redes de Telecomunica\u00e7\u00f5es (PERT).<\/p>\n<p style=\"text-align: justify;\">A tabela abaixo ilustra como est\u00e3o divididas as faixas de frequ\u00eancias na proposta que vai a Consulta P\u00fablica:<\/p>\n<p><img fetchpriority=\"high\" decoding=\"async\" class=\"aligncenter\" src=\"http:\/\/www.set.org.br\/wp-content\/uploads\/2020\/02\/5G-A-300x225.png\" width=\"300\" height=\"225\" \/><\/p>\n<p>&nbsp;<\/p>\n<p>Fonte: SET<\/p>\n","protected":false},"excerpt":{"rendered":"<p>O Conselho Diretor da Ag\u00eancia Nacional de Telecomunica\u00e7\u00f5es (Anatel) aprovou&hellip;<\/p>\n<p> <a class=\"more-link\" href=\"https:\/\/sertsc.org.br\/site\/anatel-aprova-consulta-publica-para-licitar-faixas-de-frequencias-para-o-5g\/\">Leia mais<\/a><\/p>\n","protected":false},"author":1,"featured_media":11849,"comment_status":"closed","ping_status":"open","sticky":false,"template":"","format":"standard","meta":{"footnotes":""},"categories":[3],"tags":[],"class_list":{"0":"post-11848","1":"post","2":"type-post","3":"status-publish","4":"format-standard","5":"has-post-thumbnail","7":"category-noticias"},"_links":{"self":[{"href":"https:\/\/sertsc.org.br\/site\/wp-json\/wp\/v2\/posts\/11848","targetHints":{"allow":["GET"]}}],"collection":[{"href":"https:\/\/sertsc.org.br\/site\/wp-json\/wp\/v2\/posts"}],"about":[{"href":"https:\/\/sertsc.org.br\/site\/wp-json\/wp\/v2\/types\/post"}],"author":[{"embeddable":true,"href":"https:\/\/sertsc.org.br\/site\/wp-json\/wp\/v2\/users\/1"}],"replies":[{"embeddable":true,"href":"https:\/\/sertsc.org.br\/site\/wp-json\/wp\/v2\/comments?post=11848"}],"version-history":[{"count":0,"href":"https:\/\/sertsc.org.br\/site\/wp-json\/wp\/v2\/posts\/11848\/revisions"}],"wp:featuredmedia":[{"embeddable":true,"href":"https:\/\/sertsc.org.br\/site\/wp-json\/"}],"wp:attachment":[{"href":"https:\/\/sertsc.org.br\/site\/wp-json\/wp\/v2\/media?parent=11848"}],"wp:term":[{"taxonomy":"category","embeddable":true,"href":"https:\/\/sertsc.org.br\/site\/wp-json\/wp\/v2\/categories?post=11848"},{"taxonomy":"post_tag","embeddable":true,"href":"https:\/\/sertsc.org.br\/site\/wp-json\/wp\/v2\/tags?post=11848"}],"curies":[{"name":"wp","href":"https:\/\/api.w.org\/{rel}","templated":true}]}}