{"id":11843,"date":"2020-02-13T11:00:34","date_gmt":"2020-02-13T14:00:34","guid":{"rendered":"http:\/\/www.sertsc.org.br\/site\/?p=11843"},"modified":"2020-02-13T11:00:34","modified_gmt":"2020-02-13T14:00:34","slug":"dia-mundial-do-radio","status":"publish","type":"post","link":"https:\/\/sertsc.org.br\/site\/dia-mundial-do-radio\/","title":{"rendered":"Dia Mundial do R\u00e1dio"},"content":{"rendered":"<p><img fetchpriority=\"high\" decoding=\"async\" class=\"aligncenter wp-image-11844 size-full\" src=\"http:\/\/www.sertsc.org.br\/site\/wp-content\/uploads\/2020\/02\/WhatsApp-Image-2020-02-13-at-10.47.45.jpeg\" alt=\"WhatsApp Image 2020-02-13 at 10.47.45\" width=\"1280\" height=\"1280\" \/><\/p>\n<p style=\"text-align: justify;\">Em 2020, Dia Mundial do R\u00e1dio celebra di\u00e1logo, toler\u00e2ncia e paz<\/p>\n<p style=\"text-align: justify;\">Em 2011, a Assembleia Geral das Na\u00e7\u00f5es Unidas proclamou o Dia Mundial do R\u00e1dio, que \u00e9 celebrado em 13 de fevereiro. O objetivo da data \u00e9 homenagear o meio e a forma como ele impacta o cotidiano de toda a humanidade.<\/p>\n<p style=\"text-align: justify;\">A cada ano, a UNESCO, ag\u00eancia da Organiza\u00e7\u00e3o das Na\u00e7\u00f5es Unidas (ONU) voltada para educa\u00e7\u00e3o, ci\u00eancia e cultura, estabelece um tema para o Dia Mundial do R\u00e1dio. Em 2020, o mote escolhido foi \u201cDi\u00e1logo, toler\u00e2ncia e paz\u201d.<\/p>\n<p style=\"text-align: justify;\">Atrav\u00e9s do seu site, a UNESCO reafirmou a import\u00e2ncia do r\u00e1dio para a constru\u00e7\u00e3o de uma sociedade melhor. &#8220;O r\u00e1dio re\u00fane pessoas e comunidades de todas as origens para fomentar o di\u00e1logo positivo a fim de promover mudan\u00e7as. Mais especificamente, o r\u00e1dio \u00e9 o meio perfeito para combater a viol\u00eancia e a dissemina\u00e7\u00e3o de conflitos, em especial em regi\u00f5es potencialmente mais expostas a tais realidades&#8221;.<\/p>\n<p style=\"text-align: justify;\">Como representante patronal da radiodifus\u00e3o catarinense, o SERT\/SC acompanha, h\u00e1 40 anos, o trabalho que as emissoras de Santa Catarina fazem em prol da inclus\u00e3o e da cultura de paz. &#8220;Em tempos de tanto radicalismo e fake news, o r\u00e1dio se posiciona como o lugar ideal para a constru\u00e7\u00e3o de pontes e a abertura de caminhos que levem ao desenvolvimento humano. Nossas programa\u00e7\u00f5es abra\u00e7am todas as vertentes culturais e de pensamento do estado&#8221;, ressaltou Ana Paula Melo, presidente do SERT\/SC.<\/p>\n<p style=\"text-align: justify;\">Para outras informa\u00e7\u00f5es a respeito do Dia Mundial do R\u00e1dio, acesse a p\u00e1gina oficial da UNESCO.<\/p>\n","protected":false},"excerpt":{"rendered":"<p>Em 2020, Dia Mundial do R\u00e1dio celebra di\u00e1logo, toler\u00e2ncia e&hellip;<\/p>\n<p> <a class=\"more-link\" href=\"https:\/\/sertsc.org.br\/site\/dia-mundial-do-radio\/\">Leia mais<\/a><\/p>\n","protected":false},"author":1,"featured_media":11844,"comment_status":"closed","ping_status":"open","sticky":false,"template":"","format":"standard","meta":{"footnotes":""},"categories":[33],"tags":[],"class_list":{"0":"post-11843","1":"post","2":"type-post","3":"status-publish","4":"format-standard","5":"has-post-thumbnail","7":"category-destaques"},"_links":{"self":[{"href":"https:\/\/sertsc.org.br\/site\/wp-json\/wp\/v2\/posts\/11843","targetHints":{"allow":["GET"]}}],"collection":[{"href":"https:\/\/sertsc.org.br\/site\/wp-json\/wp\/v2\/posts"}],"about":[{"href":"https:\/\/sertsc.org.br\/site\/wp-json\/wp\/v2\/types\/post"}],"author":[{"embeddable":true,"href":"https:\/\/sertsc.org.br\/site\/wp-json\/wp\/v2\/users\/1"}],"replies":[{"embeddable":true,"href":"https:\/\/sertsc.org.br\/site\/wp-json\/wp\/v2\/comments?post=11843"}],"version-history":[{"count":0,"href":"https:\/\/sertsc.org.br\/site\/wp-json\/wp\/v2\/posts\/11843\/revisions"}],"wp:featuredmedia":[{"embeddable":true,"href":"https:\/\/sertsc.org.br\/site\/wp-json\/"}],"wp:attachment":[{"href":"https:\/\/sertsc.org.br\/site\/wp-json\/wp\/v2\/media?parent=11843"}],"wp:term":[{"taxonomy":"category","embeddable":true,"href":"https:\/\/sertsc.org.br\/site\/wp-json\/wp\/v2\/categories?post=11843"},{"taxonomy":"post_tag","embeddable":true,"href":"https:\/\/sertsc.org.br\/site\/wp-json\/wp\/v2\/tags?post=11843"}],"curies":[{"name":"wp","href":"https:\/\/api.w.org\/{rel}","templated":true}]}}