{"id":11837,"date":"2020-02-12T16:48:51","date_gmt":"2020-02-12T19:48:51","guid":{"rendered":"http:\/\/www.sertsc.org.br\/site\/?p=11837"},"modified":"2020-02-12T16:48:51","modified_gmt":"2020-02-12T19:48:51","slug":"senado-rejeita-criacao-de-voz-do-brasil-para-tv","status":"publish","type":"post","link":"https:\/\/sertsc.org.br\/site\/senado-rejeita-criacao-de-voz-do-brasil-para-tv\/","title":{"rendered":"Senado rejeita cria\u00e7\u00e3o de Voz do Brasil para TV"},"content":{"rendered":"<p style=\"text-align: justify;\">Ap\u00f3s intenso trabalho da ABERT, a Comiss\u00e3o de Ci\u00eancia e Tecnologia (CCT) do Senado Federal aprovou, por unanimidade, nesta quarta-feira (12), o relat\u00f3rio da senadora Eliziane Gama (PPS\/MA), contr\u00e1rio ao PL 5833\/2019, que tornava obrigat\u00f3ria a retransmiss\u00e3o di\u00e1ria de informa\u00e7\u00f5es oficiais dos Poderes da Rep\u00fablica pelos canais de TV aberta.<\/p>\n<p style=\"text-align: justify;\">Na pr\u00e1tica, o projeto criaria um programa nos moldes do notici\u00e1rio \u201cA Voz do Brasil\u201d, no hor\u00e1rio nobre, de 18h \u00e0s 22h, nas televis\u00f5es abertas.<\/p>\n<p style=\"text-align: justify;\">Ao apresentar o relat\u00f3rio, Eliziane Gama enfatizou ser inadequado estender a obrigatoriedade para as emissoras de TV, al\u00e9m de\u00a0considerar que o PL provocaria uma queda na receita publicit\u00e1ria das emissoras.<\/p>\n<p style=\"text-align: justify;\">&#8220;Os Poderes da Rep\u00fablica j\u00e1 contam com geradoras pr\u00f3prias de televis\u00e3o em canais abertos e operadoras de TV paga.<br \/>\nA implanta\u00e7\u00e3o do novo programa demandaria mais recursos, al\u00e9m de reduzir as receitas atuais, gerando desemprego no setor\u201d, afirma a senadora.<\/p>\n<p style=\"text-align: justify;\">Com a rejei\u00e7\u00e3o, o projeto ser\u00e1 arquivado.<\/p>\n<p style=\"text-align: justify;\">Fonte: ABERT<\/p>\n","protected":false},"excerpt":{"rendered":"<p>Ap\u00f3s intenso trabalho da ABERT, a Comiss\u00e3o de Ci\u00eancia e&hellip;<\/p>\n<p> <a class=\"more-link\" href=\"https:\/\/sertsc.org.br\/site\/senado-rejeita-criacao-de-voz-do-brasil-para-tv\/\">Leia mais<\/a><\/p>\n","protected":false},"author":1,"featured_media":11838,"comment_status":"closed","ping_status":"open","sticky":false,"template":"","format":"standard","meta":{"footnotes":""},"categories":[3],"tags":[],"class_list":{"0":"post-11837","1":"post","2":"type-post","3":"status-publish","4":"format-standard","5":"has-post-thumbnail","7":"category-noticias"},"_links":{"self":[{"href":"https:\/\/sertsc.org.br\/site\/wp-json\/wp\/v2\/posts\/11837","targetHints":{"allow":["GET"]}}],"collection":[{"href":"https:\/\/sertsc.org.br\/site\/wp-json\/wp\/v2\/posts"}],"about":[{"href":"https:\/\/sertsc.org.br\/site\/wp-json\/wp\/v2\/types\/post"}],"author":[{"embeddable":true,"href":"https:\/\/sertsc.org.br\/site\/wp-json\/wp\/v2\/users\/1"}],"replies":[{"embeddable":true,"href":"https:\/\/sertsc.org.br\/site\/wp-json\/wp\/v2\/comments?post=11837"}],"version-history":[{"count":0,"href":"https:\/\/sertsc.org.br\/site\/wp-json\/wp\/v2\/posts\/11837\/revisions"}],"wp:featuredmedia":[{"embeddable":true,"href":"https:\/\/sertsc.org.br\/site\/wp-json\/"}],"wp:attachment":[{"href":"https:\/\/sertsc.org.br\/site\/wp-json\/wp\/v2\/media?parent=11837"}],"wp:term":[{"taxonomy":"category","embeddable":true,"href":"https:\/\/sertsc.org.br\/site\/wp-json\/wp\/v2\/categories?post=11837"},{"taxonomy":"post_tag","embeddable":true,"href":"https:\/\/sertsc.org.br\/site\/wp-json\/wp\/v2\/tags?post=11837"}],"curies":[{"name":"wp","href":"https:\/\/api.w.org\/{rel}","templated":true}]}}