{"id":11801,"date":"2020-02-12T14:41:07","date_gmt":"2020-02-12T17:41:07","guid":{"rendered":"http:\/\/www.sertsc.org.br\/site\/?p=11801"},"modified":"2020-02-12T14:41:07","modified_gmt":"2020-02-12T17:41:07","slug":"chefe-da-secom-recebe-representantes-da-radiodifusao-em-brasilia","status":"publish","type":"post","link":"https:\/\/sertsc.org.br\/site\/chefe-da-secom-recebe-representantes-da-radiodifusao-em-brasilia\/","title":{"rendered":"Chefe da Secom recebe representantes da radiodifus\u00e3o em Bras\u00edlia"},"content":{"rendered":"<p style=\"text-align: justify;\">O secret\u00e1rio especial de Comunica\u00e7\u00e3o Social do governo federal, Fabio Wajngarten, recebeu nesta ter\u00e7a-feira (11\/2), em Bras\u00edlia, uma comitiva formada por l\u00edderes de entidades da radiodifus\u00e3o de v\u00e1rios estados. O grupo defendeu a m\u00eddia regional como instrumento para o desenvolvimento econ\u00f4mico e social do pa\u00eds. O senador Fl\u00e1vio Bolsonaro (sem partido-RJ), representando o presidente Jair Bolsonaro, tamb\u00e9m esteve presente ao encontro.<\/p>\n<p style=\"text-align: justify;\">Santa Catarina foi representada pelo empres\u00e1rio de comunica\u00e7\u00e3o e coordenador do GSul, Marcello Corr\u00eaa Petrelli, pelo atual presidente da ACAERT, Silvano Silva, e pela presidente do SERT\/SC, Ana Paula Melo. &#8220;Tivemos a oportunidade de expor o grande trabalho que a m\u00eddia regional faz em prol do pa\u00eds, levando informa\u00e7\u00e3o para as comunidades. As emissoras de r\u00e1dio e TV s\u00e3o os ve\u00edculos de maior credibilidade perante \u00e0 sociedade. Tamb\u00e9m solicitamos uma proximidade maior entre o governo e os ve\u00edculos atrav\u00e9s das entidades de cada estado&#8221;, disse Ana Paula.<\/p>\n<p style=\"text-align: justify;\">Fabio Wajngarten ressaltou o protagonismo da m\u00eddia regional. \u201cNas duas \u00faltimas reuni\u00f5es ministeriais, eu falei que a informa\u00e7\u00e3o \u00e9 mat\u00e9ria-prima da comunica\u00e7\u00e3o. E se a gente n\u00e3o tiver um fluxo dessa informa\u00e7\u00e3o, n\u00f3s n\u00e3o temos nada. Em \u00e9poca de guerra de narrativas, isso \u00e9 fundamental. Todos querem influenciar a opini\u00e3o do brasileiro\u201d, explicou. \u201cVamos ter uma informa\u00e7\u00e3o de qualidade de tudo o que acontece aqui em Bras\u00edlia. A gente gasta 80% do tempo para restaurar a verdade. Isso n\u00e3o pode continuar assim. A gente tem que inverter esse fato\u201d.<\/p>\n<p style=\"text-align: justify;\">Durante o encontro, o presidente da Rep\u00fablica e o chefe da Secom foram convidados a participar do 1\u00ba Encontro Nacional da M\u00eddia Regional, programado para acontecer em abril, na cidade de Florian\u00f3polis. Esse evento \u00e9 uma iniciativa do GSul, grupo que representa as associa\u00e7\u00f5es e sindicatos patronais de radiodifus\u00e3o do Sul do Brasil.<\/p>\n\n<p>Com informa\u00e7\u00f5es da ACAERT.<\/p>\n<p>&nbsp;<\/p>\n<p>&nbsp;<\/p>\n","protected":false},"excerpt":{"rendered":"<p>O secret\u00e1rio especial de Comunica\u00e7\u00e3o Social do governo federal, Fabio&hellip;<\/p>\n<p> <a class=\"more-link\" href=\"https:\/\/sertsc.org.br\/site\/chefe-da-secom-recebe-representantes-da-radiodifusao-em-brasilia\/\">Leia mais<\/a><\/p>\n","protected":false},"author":1,"featured_media":11805,"comment_status":"closed","ping_status":"open","sticky":false,"template":"","format":"standard","meta":{"footnotes":""},"categories":[33],"tags":[],"class_list":{"0":"post-11801","1":"post","2":"type-post","3":"status-publish","4":"format-standard","5":"has-post-thumbnail","7":"category-destaques"},"_links":{"self":[{"href":"https:\/\/sertsc.org.br\/site\/wp-json\/wp\/v2\/posts\/11801","targetHints":{"allow":["GET"]}}],"collection":[{"href":"https:\/\/sertsc.org.br\/site\/wp-json\/wp\/v2\/posts"}],"about":[{"href":"https:\/\/sertsc.org.br\/site\/wp-json\/wp\/v2\/types\/post"}],"author":[{"embeddable":true,"href":"https:\/\/sertsc.org.br\/site\/wp-json\/wp\/v2\/users\/1"}],"replies":[{"embeddable":true,"href":"https:\/\/sertsc.org.br\/site\/wp-json\/wp\/v2\/comments?post=11801"}],"version-history":[{"count":0,"href":"https:\/\/sertsc.org.br\/site\/wp-json\/wp\/v2\/posts\/11801\/revisions"}],"wp:featuredmedia":[{"embeddable":true,"href":"https:\/\/sertsc.org.br\/site\/wp-json\/"}],"wp:attachment":[{"href":"https:\/\/sertsc.org.br\/site\/wp-json\/wp\/v2\/media?parent=11801"}],"wp:term":[{"taxonomy":"category","embeddable":true,"href":"https:\/\/sertsc.org.br\/site\/wp-json\/wp\/v2\/categories?post=11801"},{"taxonomy":"post_tag","embeddable":true,"href":"https:\/\/sertsc.org.br\/site\/wp-json\/wp\/v2\/tags?post=11801"}],"curies":[{"name":"wp","href":"https:\/\/api.w.org\/{rel}","templated":true}]}}