{"id":11792,"date":"2020-02-10T09:37:00","date_gmt":"2020-02-10T12:37:00","guid":{"rendered":"http:\/\/www.sertsc.org.br\/site\/?p=11792"},"modified":"2020-02-10T09:37:00","modified_gmt":"2020-02-10T12:37:00","slug":"acaert-inicia-road-show-do-movimento-pense-grande-pense-radio-pense-tv","status":"publish","type":"post","link":"https:\/\/sertsc.org.br\/site\/acaert-inicia-road-show-do-movimento-pense-grande-pense-radio-pense-tv\/","title":{"rendered":"ACAERT inicia road show do movimento &#8220;Pense Grande: Pense R\u00e1dio, Pense TV&#8221;"},"content":{"rendered":"<p>&nbsp;<\/p>\n<p style=\"text-align: justify;\">Ap\u00f3s o sucesso da campanha veiculada nas emissoras de Santa Catarina, o movimento &#8220;Pense Grande: Pense R\u00e1dio, Pense TV&#8221; entrou em uma nova fase. Sob a lideran\u00e7a da Associa\u00e7\u00e3o Catarinense de Emissoras de R\u00e1dio e Televis\u00e3o (ACAERT), foi iniciado um road show com muita informa\u00e7\u00e3o para ag\u00eancias, anunciantes, ve\u00edculos e parceiros de todas as regi\u00f5es do estado.<\/p>\n<p style=\"text-align: justify;\">A primeira etapa do road show, batizado de &#8220;Vamos Pensar Grande&#8221;, aconteceu no dia 6\/2 em Blumenau. No dia seguinte, foi a vez de Joinville receber o evento. Fernando Morgado, professor universit\u00e1rio e assessor do SERT\/SC, e Ta\u00eds Souza, gerente de servi\u00e7os ao cliente da Kantar IBOPE Media em Santa Catarina, foram os palestrantes.<\/p>\n<p style=\"text-align: justify;\">Em Joinville, o SERT\/SC foi representado por sua presidente, Ana Paula Melo, que tamb\u00e9m \u00e9 vice-presidente da ACAERT na regi\u00e3o Norte do estado. &#8220;A repercuss\u00e3o do evento foi muito positiva. As palestras trouxeram informa\u00e7\u00f5es importantes e ajudaram a acabar com certos mitos constru\u00eddos em torno do presente e do futuro do r\u00e1dio e da TV&#8221;, destacou a presidente.<\/p>\n<p style=\"text-align: justify;\">Em mar\u00e7o, o road show &#8220;Vamos Pensar Grande&#8221; passar\u00e1 por Chapec\u00f3, Lages e Florian\u00f3polis. Crici\u00fama tamb\u00e9m receber\u00e1 o evento, em data a ser definida.<\/p>\n<p>&nbsp;<\/p>\n<p>&nbsp;<\/p>\n<figure id=\"attachment_11793\" aria-describedby=\"caption-attachment-11793\" style=\"width: 1024px\" class=\"wp-caption aligncenter\"><img fetchpriority=\"high\" decoding=\"async\" class=\"wp-image-11793 size-full\" src=\"http:\/\/www.sertsc.org.br\/site\/wp-content\/uploads\/2020\/02\/WhatsApp-Image-2020-02-10-at-09.05.13.jpeg\" alt=\"WhatsApp Image 2020-02-10 at 09.05.13\" width=\"1024\" height=\"869\" \/><figcaption id=\"caption-attachment-11793\" class=\"wp-caption-text\">A presidente do SERT\/SC, Ana Paula Melo, e o palestrante Fernando Morgado<\/figcaption><\/figure>\n<p>&nbsp;<\/p>\n<p>&nbsp;<\/p>\n<p>&nbsp;<\/p>\n<figure id=\"attachment_11794\" aria-describedby=\"caption-attachment-11794\" style=\"width: 858px\" class=\"wp-caption aligncenter\"><img decoding=\"async\" class=\"wp-image-11794 size-full\" src=\"http:\/\/www.sertsc.org.br\/site\/wp-content\/uploads\/2020\/02\/WhatsApp-Image-2020-02-10-at-09.05.13-1.jpeg\" alt=\"WhatsApp Image 2020-02-10 at 09.05.13 (1)\" width=\"858\" height=\"798\" \/><figcaption id=\"caption-attachment-11794\" class=\"wp-caption-text\">A presidente do SERT\/SC, Ana Paula Melo, e o presidente da ACAERT, Silvano Silva<\/figcaption><\/figure>\n<p>&nbsp;<\/p>\n<p>&nbsp;<\/p>\n","protected":false},"excerpt":{"rendered":"<p>&nbsp; Ap\u00f3s o sucesso da campanha veiculada nas emissoras de&hellip;<\/p>\n<p> <a class=\"more-link\" href=\"https:\/\/sertsc.org.br\/site\/acaert-inicia-road-show-do-movimento-pense-grande-pense-radio-pense-tv\/\">Leia mais<\/a><\/p>\n","protected":false},"author":1,"featured_media":11794,"comment_status":"closed","ping_status":"open","sticky":false,"template":"","format":"standard","meta":{"footnotes":""},"categories":[33],"tags":[],"class_list":{"0":"post-11792","1":"post","2":"type-post","3":"status-publish","4":"format-standard","5":"has-post-thumbnail","7":"category-destaques"},"_links":{"self":[{"href":"https:\/\/sertsc.org.br\/site\/wp-json\/wp\/v2\/posts\/11792","targetHints":{"allow":["GET"]}}],"collection":[{"href":"https:\/\/sertsc.org.br\/site\/wp-json\/wp\/v2\/posts"}],"about":[{"href":"https:\/\/sertsc.org.br\/site\/wp-json\/wp\/v2\/types\/post"}],"author":[{"embeddable":true,"href":"https:\/\/sertsc.org.br\/site\/wp-json\/wp\/v2\/users\/1"}],"replies":[{"embeddable":true,"href":"https:\/\/sertsc.org.br\/site\/wp-json\/wp\/v2\/comments?post=11792"}],"version-history":[{"count":0,"href":"https:\/\/sertsc.org.br\/site\/wp-json\/wp\/v2\/posts\/11792\/revisions"}],"wp:featuredmedia":[{"embeddable":true,"href":"https:\/\/sertsc.org.br\/site\/wp-json\/"}],"wp:attachment":[{"href":"https:\/\/sertsc.org.br\/site\/wp-json\/wp\/v2\/media?parent=11792"}],"wp:term":[{"taxonomy":"category","embeddable":true,"href":"https:\/\/sertsc.org.br\/site\/wp-json\/wp\/v2\/categories?post=11792"},{"taxonomy":"post_tag","embeddable":true,"href":"https:\/\/sertsc.org.br\/site\/wp-json\/wp\/v2\/tags?post=11792"}],"curies":[{"name":"wp","href":"https:\/\/api.w.org\/{rel}","templated":true}]}}