{"id":11664,"date":"2020-01-28T09:54:30","date_gmt":"2020-01-28T12:54:30","guid":{"rendered":"http:\/\/www.sertsc.org.br\/site\/?p=11664"},"modified":"2020-01-28T09:54:30","modified_gmt":"2020-01-28T12:54:30","slug":"rajar-aponta-que-o-radio-segue-disparado-na-lideranca-do-consumo-de-audio-no-reino-unido","status":"publish","type":"post","link":"https:\/\/sertsc.org.br\/site\/rajar-aponta-que-o-radio-segue-disparado-na-lideranca-do-consumo-de-audio-no-reino-unido\/","title":{"rendered":"Rajar aponta que o r\u00e1dio segue disparado na lideran\u00e7a do consumo de \u00e1udio no Reino Unido"},"content":{"rendered":"<p style=\"text-align: justify;\">A Rajar divulgou na semana passada a atualiza\u00e7\u00e3o dos dados do consumo de \u00e1udio no Reino Unido, pesquisa v\u00e1lida para o per\u00edodo de inverno de 2019. No levantamento, o r\u00e1dio segue disparado na lideran\u00e7a no consumo de \u00e1udio, com 88% de alcance semanal, o que representa 72% de todo o consumo de \u00e1udio por l\u00e1. Por\u00e9m, h\u00e1 um recorte que mostra a varia\u00e7\u00e3o desse alcance do ve\u00edculo conforme a faixa et\u00e1ria analisada, sendo menor o volume entre o p\u00fablico mais jovem, mas com a lideran\u00e7a do r\u00e1dio sendo mantida.<\/p>\n<p style=\"text-align: justify;\">Al\u00e9m da forte lideran\u00e7a no consumo de \u00e1udio, o r\u00e1dio tem mantido alguns comportamentos importantes por parte de sua audi\u00eancia na rotina do consumo do ve\u00edculo. Por exemplo: a maioria do p\u00fablico pesquisado (79%) considera o r\u00e1dio importante para encontrar novos conte\u00fados. E 26% afirma que a maior parte do consumo de r\u00e1dio ocorre enquanto dirige ou viaja.<\/p>\n<p style=\"text-align: justify;\">Outro ponto que tem favorecido o r\u00e1dio \u00e9 a lideran\u00e7a de consumo em dispositivos que ainda s\u00e3o considerados &#8220;novidades tecnol\u00f3gicas&#8221;. As smart speakers (caixas de som inteligentes). A Rajar aponta que 67% do uso dos dispositivos ocorre para ouvir conte\u00fado de r\u00e1dio ao vivo, acesso este que \u00e9 feito por streaming. Isso contra 30% da m\u00fasica on-demand (tamb\u00e9m via streaming) e apenas 1% de podcasts e audiobooks.<\/p>\n<p style=\"text-align: justify;\"><strong>Consumo de \u00e1udio entre os mais jovens<\/strong><\/p>\n<p style=\"text-align: justify;\">Para o p\u00fablico entre 15 e 24 anos, o r\u00e1dio ao vivo tem um alcance semanal de 78%, representando 45% de toda a fatia de consumo de \u00e1udio no Reino Unido. J\u00e1 para a faixa entre 25 e 34 anos, o alcance sobe para 84% e tem uma participa\u00e7\u00e3o de 60% na m\u00eddia \u00e1udio.<\/p>\n<p style=\"text-align: justify;\">Nesses dois p\u00fablicos mais jovens, o r\u00e1dio segue na lideran\u00e7a de alcance e com fatia consider\u00e1vel no consumo de \u00e1udio. Mas outras plataformas tamb\u00e9m ganham espa\u00e7os, como 65% entre 15 e 24 anos consomem m\u00fasica no formato on-demand (servi\u00e7os de streaming), caindo para 46% para o p\u00fablico entre 25 a 34 anos.<\/p>\n<p style=\"text-align: justify;\">Na participa\u00e7\u00e3o total de \u00e1udio, a m\u00fasica via streaming tem a segunda posi\u00e7\u00e3o no consumo de \u00e1udio no Reino Unido, com 12%. Nas faixas mais jovens, esse percentual est\u00e1 entre 37% (15 a 24 anos) e 21% (25 a 34 anos).<\/p>\n<p style=\"text-align: justify;\">Boa parte desse consumo de streaming ocorre em smartphones, respons\u00e1veis por 76% do alcance. J\u00e1 as smart-speakers avan\u00e7aram para 22% no levantamento atual da Rajar.<\/p>\n<p>&nbsp;<\/p>\n<figure id=\"attachment_11666\" aria-describedby=\"caption-attachment-11666\" style=\"width: 500px\" class=\"wp-caption aligncenter\"><img fetchpriority=\"high\" decoding=\"async\" class=\"wp-image-11666 size-full\" src=\"http:\/\/www.sertsc.org.br\/site\/wp-content\/uploads\/2020\/01\/5e300588eff8c.png\" alt=\"5e300588eff8c\" width=\"500\" height=\"428\" \/><figcaption id=\"caption-attachment-11666\" class=\"wp-caption-text\">Distribui\u00e7\u00e3o do consumo de \u00e1udio por m\u00eddias e faixas et\u00e1rias \/ Fonte: Rajar &#8211; Inverno de 2019<\/figcaption><\/figure>\n<p>&nbsp;<\/p>\n<p>Fonte: Tudor\u00e1dio<\/p>\n","protected":false},"excerpt":{"rendered":"<p>A Rajar divulgou na semana passada a atualiza\u00e7\u00e3o dos dados&hellip;<\/p>\n<p> <a class=\"more-link\" href=\"https:\/\/sertsc.org.br\/site\/rajar-aponta-que-o-radio-segue-disparado-na-lideranca-do-consumo-de-audio-no-reino-unido\/\">Leia mais<\/a><\/p>\n","protected":false},"author":1,"featured_media":11667,"comment_status":"closed","ping_status":"open","sticky":false,"template":"","format":"standard","meta":{"footnotes":""},"categories":[3],"tags":[],"class_list":{"0":"post-11664","1":"post","2":"type-post","3":"status-publish","4":"format-standard","5":"has-post-thumbnail","7":"category-noticias"},"_links":{"self":[{"href":"https:\/\/sertsc.org.br\/site\/wp-json\/wp\/v2\/posts\/11664","targetHints":{"allow":["GET"]}}],"collection":[{"href":"https:\/\/sertsc.org.br\/site\/wp-json\/wp\/v2\/posts"}],"about":[{"href":"https:\/\/sertsc.org.br\/site\/wp-json\/wp\/v2\/types\/post"}],"author":[{"embeddable":true,"href":"https:\/\/sertsc.org.br\/site\/wp-json\/wp\/v2\/users\/1"}],"replies":[{"embeddable":true,"href":"https:\/\/sertsc.org.br\/site\/wp-json\/wp\/v2\/comments?post=11664"}],"version-history":[{"count":0,"href":"https:\/\/sertsc.org.br\/site\/wp-json\/wp\/v2\/posts\/11664\/revisions"}],"wp:featuredmedia":[{"embeddable":true,"href":"https:\/\/sertsc.org.br\/site\/wp-json\/"}],"wp:attachment":[{"href":"https:\/\/sertsc.org.br\/site\/wp-json\/wp\/v2\/media?parent=11664"}],"wp:term":[{"taxonomy":"category","embeddable":true,"href":"https:\/\/sertsc.org.br\/site\/wp-json\/wp\/v2\/categories?post=11664"},{"taxonomy":"post_tag","embeddable":true,"href":"https:\/\/sertsc.org.br\/site\/wp-json\/wp\/v2\/tags?post=11664"}],"curies":[{"name":"wp","href":"https:\/\/api.w.org\/{rel}","templated":true}]}}