{"id":11658,"date":"2020-01-24T16:21:40","date_gmt":"2020-01-24T19:21:40","guid":{"rendered":"http:\/\/www.sertsc.org.br\/site\/?p=11658"},"modified":"2020-01-24T16:21:40","modified_gmt":"2020-01-24T19:21:40","slug":"testes-de-interferencias-mostram-resultados-positivos","status":"publish","type":"post","link":"https:\/\/sertsc.org.br\/site\/testes-de-interferencias-mostram-resultados-positivos\/","title":{"rendered":"Testes de interfer\u00eancias mostram resultados positivos"},"content":{"rendered":"<p style=\"text-align: justify;\">Do ponto de vista das empresas de telecomunica\u00e7\u00f5es e de boa parte dos t\u00e9cnicos da Anatel, j\u00e1 h\u00e1 bastante seguran\u00e7a de que o edital de 5G poder\u00e1 ser colocado em consulta p\u00fablica prevendo a solu\u00e7\u00e3o de filtros para eventuais problemas de interfer\u00eancia que as transmiss\u00f5es de banda larga m\u00f3vel provoquem nas recep\u00e7\u00f5es via sat\u00e9lite e, ao mesmo tempo, ampliando em 100 MHz a faixa a ser licitada pela Anatel, assegurando um total de 400 MHz na faixa de 3,5 GHz. Isso permitiria acomodar as demandas dos players nacionais e das operadoras regionais no edital de 5G.<\/p>\n<p style=\"text-align: justify;\">Segundo apurou este notici\u00e1rio, contudo, o conselheiro da Anatel Mois\u00e9s Moreira (que est\u00e1 preparando o voto decisivo no edital de 5G) ainda n\u00e3o bateu o martelo pelo modelo proposto pelas teles. Aguarda-se no gabinete do conselheiro um posicionamento das operadoras de sat\u00e9lite para saber se h\u00e1 concord\u00e2ncia com a diminui\u00e7\u00e3o da faixa de banda C utiliz\u00e1vel para os servi\u00e7os de transmiss\u00e3o de TV e eventuais custos de mitiga\u00e7\u00e3o dos demais clientes corporativos; e espera-se ainda a portaria do Minist\u00e9rio de Ci\u00eancia, Tecnologia, Inova\u00e7\u00f5es e Comunica\u00e7\u00f5es, sinalizando se h\u00e1 alguma prioridade entre o modelo que priorize a mitiga\u00e7\u00e3o de eventuais interfer\u00eancias com a instala\u00e7\u00e3o de filtros, como defendem as teles; ou o modelo migrando todos os servi\u00e7os de transmiss\u00e3o de TV via sat\u00e9lite para a banda Ku, como vinham defendendo os radiodifusores.<\/p>\n<p style=\"text-align: justify;\">A boa not\u00edcia \u00e9 que os testes do CPqD apresentados esta semana refor\u00e7aram o entendimento de que a mitiga\u00e7\u00e3o com filtros \u00e9 poss\u00edvel, mesmo com a amplia\u00e7\u00e3o da banda at\u00e9 3,8 GHz (considerando a banda de guarda entre 3,7 GHz a 3,8 GHz). Como ainda existe uma pequena perda de efici\u00eancia dos filtros na faixa de 3,8 GHz, os resultados ser\u00e3o validados nos testes de campo que acontecem nas duas primeiras semanas de fevereiro, mas os t\u00e9cnicos ouvidos por este notici\u00e1rio est\u00e3o convencidos de que n\u00e3o haver\u00e1 surpresas, pois as condi\u00e7\u00f5es reais s\u00e3o em geral bem menos cr\u00edticas do que aquelas simuladas em laborat\u00f3rio, onde o resultado j\u00e1 foi convincente.<\/p>\n<p style=\"text-align: justify;\">Acerto<\/p>\n<p style=\"text-align: justify;\">Esta semana Anatel, teles e radiodifusores sentaram para discutir os resultados e houve um aprofundamento nas discuss\u00f5es, por exemplo, sobre os custos dos diferentes modelos. Ainda n\u00e3o houve um consenso, mas as cartas est\u00e3o colocadas na mesa para a decis\u00e3o do governo e da Anatel.<\/p>\n<p style=\"text-align: justify;\">As emissoras de TV estimam que o modelo de migra\u00e7\u00e3o dos canais de TV via sat\u00e9lite em banda C (TVRO) para a banda Ku, com a distribui\u00e7\u00e3o de kits para os domic\u00edlios usu\u00e1rios de parab\u00f3licas integrantes do Cadastro \u00danico, teria um custo de R$ 1,5 bilh\u00e3o. Nesse caso, todos os usu\u00e1rios de parab\u00f3licas seriam afetados porque o sinal de banda C seria desligado, e apenas os domic\u00edlios mais carentes receberiam o kit de migra\u00e7\u00e3o. Na hip\u00f3tese dos radiodifusores, este modelo teria a vantagem de liberar toda a banda C para futuras destina\u00e7\u00f5es de espectro para o 5G.<\/p>\n<p style=\"text-align: justify;\">As teles, por sua vez, apresentam as contas do outro modelo: manter os sinais de TV na banda C, mas acima de 3,8 GHz, e instalar os filtros contra eventuais interfer\u00eancias onde for necess\u00e1rio teria um custo de menos de R$ 500 milh\u00f5es, n\u00e3o haveria impacto sobre todos os usu\u00e1rios de banda C, pois os sinais de TVRO n\u00e3o seriam desligados, e ainda liberaria 100 MHz para serem licitados. A premissa desta conta \u00e9 que apenas 18% dos usu\u00e1rios de parab\u00f3licas de banda C nas regi\u00f5es metropolitanas seriam afetados por eventuais interfer\u00eancias e precisariam de filtros, o que d\u00e1 menos de 3 milh\u00f5es de domic\u00edlios.<\/p>\n<p style=\"text-align: justify;\">Os testes do CPqD mostram que os filtros s\u00e3o eficazes para as situa\u00e7\u00f5es em que a interfer\u00eancia se apresentar. A StarOne, operadora de sat\u00e9lites do grupo Claro e respons\u00e1vel pelo StarOne C2, que \u00e9 o sat\u00e9lite onde est\u00e3o abrigadas todas as emissoras de TV que fazem a distribui\u00e7\u00e3o de sinais de forma aberta, tamb\u00e9m relatou ao governo e aos radiodifusores que teria condi\u00e7\u00f5es de acomodar todos os canais em frequ\u00eancias acima da faixa de 3,8 GHz. Ali\u00e1s, \u00faltimos 12 meses, as op\u00e7\u00f5es de canais distribu\u00eddos no modelo de TVRO caiu drasticamente, de 33 para 20, justamente porque este tipo de transmiss\u00e3o ficou economicamente invi\u00e1vel para grupos de menor express\u00e3o comercial.<\/p>\n<p style=\"text-align: justify;\">Fonte: Teles\u00edntese<\/p>\n","protected":false},"excerpt":{"rendered":"<p>Do ponto de vista das empresas de telecomunica\u00e7\u00f5es e de&hellip;<\/p>\n<p> <a class=\"more-link\" href=\"https:\/\/sertsc.org.br\/site\/testes-de-interferencias-mostram-resultados-positivos\/\">Leia mais<\/a><\/p>\n","protected":false},"author":1,"featured_media":11659,"comment_status":"closed","ping_status":"open","sticky":false,"template":"","format":"standard","meta":{"footnotes":""},"categories":[3],"tags":[],"class_list":{"0":"post-11658","1":"post","2":"type-post","3":"status-publish","4":"format-standard","5":"has-post-thumbnail","7":"category-noticias"},"_links":{"self":[{"href":"https:\/\/sertsc.org.br\/site\/wp-json\/wp\/v2\/posts\/11658","targetHints":{"allow":["GET"]}}],"collection":[{"href":"https:\/\/sertsc.org.br\/site\/wp-json\/wp\/v2\/posts"}],"about":[{"href":"https:\/\/sertsc.org.br\/site\/wp-json\/wp\/v2\/types\/post"}],"author":[{"embeddable":true,"href":"https:\/\/sertsc.org.br\/site\/wp-json\/wp\/v2\/users\/1"}],"replies":[{"embeddable":true,"href":"https:\/\/sertsc.org.br\/site\/wp-json\/wp\/v2\/comments?post=11658"}],"version-history":[{"count":0,"href":"https:\/\/sertsc.org.br\/site\/wp-json\/wp\/v2\/posts\/11658\/revisions"}],"wp:featuredmedia":[{"embeddable":true,"href":"https:\/\/sertsc.org.br\/site\/wp-json\/"}],"wp:attachment":[{"href":"https:\/\/sertsc.org.br\/site\/wp-json\/wp\/v2\/media?parent=11658"}],"wp:term":[{"taxonomy":"category","embeddable":true,"href":"https:\/\/sertsc.org.br\/site\/wp-json\/wp\/v2\/categories?post=11658"},{"taxonomy":"post_tag","embeddable":true,"href":"https:\/\/sertsc.org.br\/site\/wp-json\/wp\/v2\/tags?post=11658"}],"curies":[{"name":"wp","href":"https:\/\/api.w.org\/{rel}","templated":true}]}}