{"id":11648,"date":"2020-01-22T15:42:15","date_gmt":"2020-01-22T18:42:15","guid":{"rendered":"http:\/\/www.sertsc.org.br\/site\/?p=11648"},"modified":"2020-01-22T15:42:15","modified_gmt":"2020-01-22T18:42:15","slug":"justica-determina-que-radio-comunitaria-nao-pode-divulgar-produtos-e-servicos","status":"publish","type":"post","link":"https:\/\/sertsc.org.br\/site\/justica-determina-que-radio-comunitaria-nao-pode-divulgar-produtos-e-servicos\/","title":{"rendered":"Justi\u00e7a determina que R\u00e1dio Comunit\u00e1ria n\u00e3o pode divulgar produtos e servi\u00e7os"},"content":{"rendered":"<p style=\"text-align: justify;\">A Justi\u00e7a de Santa Catarina determinou que a R\u00e1dio Comunit\u00e1ria Schroeder Strasse FM n\u00e3o pode \u201cmencionar produtos, servi\u00e7os, pre\u00e7os, condi\u00e7\u00f5es de pagamentos, ofertas, vantagens ou an\u00fancios que, por si s\u00f3, promovam o patrocinador\u201d durante sua programa\u00e7\u00e3o.<\/p>\n<p style=\"text-align: justify;\">Para o juiz Rog\u00e9rio Manke, da Comarca de Guaramirim, a r\u00e1dio s\u00f3 deve veicular \u201co nome, endere\u00e7o e contato dos respectivos apoiadores\u201d, estabelecendo ainda uma \u201cmulta de R$ 400,00 (quatrocentos reais) por dia de infra\u00e7\u00e3o\u201d caso a determina\u00e7\u00e3o seja descumprida.<\/p>\n<p style=\"text-align: justify;\">A a\u00e7\u00e3o com senten\u00e7a de primeira inst\u00e2ncia transitou no processo 0002923-58.2012.8.24.0026 movido pela Associa\u00e7\u00e3o Catarinense de Emissoras de R\u00e1dio e Televis\u00e3o \u2013 ACAERT. A entidade refor\u00e7a que n\u00e3o \u00e9 contra a atua\u00e7\u00e3o das R\u00e1dios Comunit\u00e1rias, mas preza pelo cumprimento da legisla\u00e7\u00e3o que regula o setor.<\/p>\n<p style=\"text-align: justify;\">\n<p class=\"font-11\" style=\"text-align: justify;\">Fonte: ACAERT<\/p>\n","protected":false},"excerpt":{"rendered":"<p>A Justi\u00e7a de Santa Catarina determinou que a R\u00e1dio Comunit\u00e1ria&hellip;<\/p>\n<p> <a class=\"more-link\" href=\"https:\/\/sertsc.org.br\/site\/justica-determina-que-radio-comunitaria-nao-pode-divulgar-produtos-e-servicos\/\">Leia mais<\/a><\/p>\n","protected":false},"author":1,"featured_media":11649,"comment_status":"closed","ping_status":"open","sticky":false,"template":"","format":"standard","meta":{"footnotes":""},"categories":[3],"tags":[],"class_list":{"0":"post-11648","1":"post","2":"type-post","3":"status-publish","4":"format-standard","5":"has-post-thumbnail","7":"category-noticias"},"_links":{"self":[{"href":"https:\/\/sertsc.org.br\/site\/wp-json\/wp\/v2\/posts\/11648","targetHints":{"allow":["GET"]}}],"collection":[{"href":"https:\/\/sertsc.org.br\/site\/wp-json\/wp\/v2\/posts"}],"about":[{"href":"https:\/\/sertsc.org.br\/site\/wp-json\/wp\/v2\/types\/post"}],"author":[{"embeddable":true,"href":"https:\/\/sertsc.org.br\/site\/wp-json\/wp\/v2\/users\/1"}],"replies":[{"embeddable":true,"href":"https:\/\/sertsc.org.br\/site\/wp-json\/wp\/v2\/comments?post=11648"}],"version-history":[{"count":0,"href":"https:\/\/sertsc.org.br\/site\/wp-json\/wp\/v2\/posts\/11648\/revisions"}],"wp:featuredmedia":[{"embeddable":true,"href":"https:\/\/sertsc.org.br\/site\/wp-json\/"}],"wp:attachment":[{"href":"https:\/\/sertsc.org.br\/site\/wp-json\/wp\/v2\/media?parent=11648"}],"wp:term":[{"taxonomy":"category","embeddable":true,"href":"https:\/\/sertsc.org.br\/site\/wp-json\/wp\/v2\/categories?post=11648"},{"taxonomy":"post_tag","embeddable":true,"href":"https:\/\/sertsc.org.br\/site\/wp-json\/wp\/v2\/tags?post=11648"}],"curies":[{"name":"wp","href":"https:\/\/api.w.org\/{rel}","templated":true}]}}