{"id":11636,"date":"2020-01-20T08:31:06","date_gmt":"2020-01-20T11:31:06","guid":{"rendered":"http:\/\/www.sertsc.org.br\/site\/?p=11636"},"modified":"2020-01-20T08:31:06","modified_gmt":"2020-01-20T11:31:06","slug":"relatorio-da-fenaj-aponta-aumento-nos-casos-de-violencia-contra-veiculos-de-comunicacao-e-jornalistas","status":"publish","type":"post","link":"https:\/\/sertsc.org.br\/site\/relatorio-da-fenaj-aponta-aumento-nos-casos-de-violencia-contra-veiculos-de-comunicacao-e-jornalistas\/","title":{"rendered":"Relat\u00f3rio da FENAJ aponta aumento nos casos de viol\u00eancia contra ve\u00edculos de comunica\u00e7\u00e3o e jornalistas"},"content":{"rendered":"<p style=\"text-align: justify;\">A Federa\u00e7\u00e3o Nacional dos Jornalistas (FENAJ) divulgou um relat\u00f3rio sobre a viol\u00eancia contra ve\u00edculos de comunica\u00e7\u00e3o e jornalistas. O documento, chamado &#8220;Relat\u00f3rio da Viol\u00eancia contra Jornalistas e liberdade de imprensa&#8221;, \u00e9 divulgado anualmente e mostra n\u00fameros registrados de viol\u00eancia contra a imprensa.<\/p>\n<p style=\"text-align: justify;\">Divulgado nesta quinta-feira (16), no Sindicato dos Jornalistas, no Rio de Janeiro, O relat\u00f3rio da FENAJ mostra que os casos de viol\u00eancia contra ve\u00edculos de comunica\u00e7\u00e3o e jornalistas subiram 54,07% de 2018 para 2019. De acordo com o relat\u00f3rio, foram registrados 208 casos contra 135 no per\u00edodo de compara\u00e7\u00e3o.<\/p>\n<p style=\"text-align: justify;\">Entre os 208 registros, 94 de agress\u00f5es diretas a profissionais. Al\u00e9m disso, o documento ainda mostra que, dos 208 casos, 121 (58,17%) tem o presidente Jair Bolsonaro foi respons\u00e1vel pelos ataques. O relat\u00f3rio diz que cinco dos ataques do presidente foram agress\u00f5es verbais diretas a jornalistas durante entrevistas que n\u00e3o foram reproduzidas no site do Pal\u00e1cio do Planalto.<\/p>\n<p style=\"text-align: justify;\">Outra percep\u00e7\u00e3o que \u00e9 notada pelo relat\u00f3rio foi a tentativa de questionar a credibilidade da informa\u00e7\u00e3o divulgada pelos meios de comunica\u00e7\u00e3o. O item foi criado por causa dos ataques sistem\u00e1ticos \u00e0 imprensa e aos jornalistas feitos por Bolsonaro &#8211; foram 114 casos.<\/p>\n<p style=\"text-align: justify;\">O relat\u00f3rio anual teve como base discursos e entrevistas oficiais do presidente entre janeiro e dezembro de 2019. A FENAJ tamb\u00e9m monitorou as postagens de Jair Bolsonaro nas redes sociais.<\/p>\n<p style=\"text-align: justify;\"><strong>Assassinatos<\/strong><\/p>\n<p style=\"text-align: justify;\">O relat\u00f3rio do FENAJ tamb\u00e9m divulgou o balan\u00e7o do n\u00famero de assassinatos contra jornalistas. Em 2019, foram dois registros: os jornalistas Robson Giorno e Rom\u00e1rio da Silva Barros, que atuavam em Maric\u00e1 (RJ), foram mortos. Em 2018, houve apenas uma morte e, em 2017, nenhuma.<\/p>\n<p style=\"text-align: justify;\">Outro aumento registrado no relat\u00f3rio foi o n\u00famero de inj\u00farias raciais envolvendo jornalistas. Em 2019 foram dois casos de racismo, contra nenhum em 2018. J\u00e1 os casos de ame\u00e7as\/intima\u00e7\u00f5es e de censuras mantiveram-se iguais nos dois anos de compara\u00e7\u00e3o: foram, respectivamente, 28 e 10 registros.<\/p>\n<p style=\"text-align: justify;\">J\u00e1 os demais tipos de viol\u00eancia direta contra jornalistas ca\u00edram: as agress\u00f5es f\u00edsicas, que eram as mais comuns, diminu\u00edram, passando a 15 casos, que vitimaram 20 profissionais, contra 33 em 2018. No mesmo sentido, houve redu\u00e7\u00e3o em outros tipos de ataque: em 2019, foram 20 agress\u00f5es verbais, 10 casos de impedimentos ao exerc\u00edcio profissional, 5 epis\u00f3dios de cerceamento \u00e0 liberdade de imprensa por meio de a\u00e7\u00f5es judiciais e 2 casos de viol\u00eancia contra a organiza\u00e7\u00e3o sindical dos jornalistas. Em 2018, foram, respectivamente, 27, 19, 10 e 3 casos.<\/p>\n<p style=\"text-align: justify;\">\n<p style=\"text-align: justify;\">Fonte: Tudor\u00e1dio<\/p>\n","protected":false},"excerpt":{"rendered":"<p>A Federa\u00e7\u00e3o Nacional dos Jornalistas (FENAJ) divulgou um relat\u00f3rio sobre&hellip;<\/p>\n<p> <a class=\"more-link\" href=\"https:\/\/sertsc.org.br\/site\/relatorio-da-fenaj-aponta-aumento-nos-casos-de-violencia-contra-veiculos-de-comunicacao-e-jornalistas\/\">Leia mais<\/a><\/p>\n","protected":false},"author":1,"featured_media":11637,"comment_status":"closed","ping_status":"open","sticky":false,"template":"","format":"standard","meta":{"footnotes":""},"categories":[3],"tags":[],"class_list":{"0":"post-11636","1":"post","2":"type-post","3":"status-publish","4":"format-standard","5":"has-post-thumbnail","7":"category-noticias"},"_links":{"self":[{"href":"https:\/\/sertsc.org.br\/site\/wp-json\/wp\/v2\/posts\/11636","targetHints":{"allow":["GET"]}}],"collection":[{"href":"https:\/\/sertsc.org.br\/site\/wp-json\/wp\/v2\/posts"}],"about":[{"href":"https:\/\/sertsc.org.br\/site\/wp-json\/wp\/v2\/types\/post"}],"author":[{"embeddable":true,"href":"https:\/\/sertsc.org.br\/site\/wp-json\/wp\/v2\/users\/1"}],"replies":[{"embeddable":true,"href":"https:\/\/sertsc.org.br\/site\/wp-json\/wp\/v2\/comments?post=11636"}],"version-history":[{"count":0,"href":"https:\/\/sertsc.org.br\/site\/wp-json\/wp\/v2\/posts\/11636\/revisions"}],"wp:featuredmedia":[{"embeddable":true,"href":"https:\/\/sertsc.org.br\/site\/wp-json\/"}],"wp:attachment":[{"href":"https:\/\/sertsc.org.br\/site\/wp-json\/wp\/v2\/media?parent=11636"}],"wp:term":[{"taxonomy":"category","embeddable":true,"href":"https:\/\/sertsc.org.br\/site\/wp-json\/wp\/v2\/categories?post=11636"},{"taxonomy":"post_tag","embeddable":true,"href":"https:\/\/sertsc.org.br\/site\/wp-json\/wp\/v2\/tags?post=11636"}],"curies":[{"name":"wp","href":"https:\/\/api.w.org\/{rel}","templated":true}]}}